{"id":6307,"date":"2018-05-30T17:00:10","date_gmt":"2018-05-30T15:00:10","guid":{"rendered":"https:\/\/eager-austin.188-34-163-140.plesk.page\/?p=6307"},"modified":"2018-05-30T17:00:10","modified_gmt":"2018-05-30T15:00:10","slug":"kindergerechte-sanitaeranlage","status":"publish","type":"post","link":"https:\/\/kitabluemli.ch\/en\/kindergerechte-sanitaeranlage\/","title":{"rendered":"Kindergerechte Sanit\u00e4ranlage"},"content":{"rendered":"<div id='gallery-1' class='gallery galleryid-6307 gallery-columns-3 gallery-size-thumbnail'><figure class='gallery-item'>\n\t\t\t<div class='gallery-icon landscape'>\n\t\t\t\t<a href='https:\/\/kitabluemli.ch\/en\/kindergerechtes-wc-a\/'><img decoding=\"async\" width=\"150\" height=\"150\" src=\"https:\/\/kitabluemli.ch\/wp-content\/uploads\/2020\/04\/kindergerechtes-wc-a-150x150.jpg\" class=\"attachment-thumbnail size-thumbnail\" alt=\"Kindergerechte Sanit\u00e4ranlage\" title=\"\"><\/a>\n\t\t\t<\/div><\/figure>\n\t\t<\/div>\n\n<p>Unsere frisch renovierte Kinderkrippe im Zentrum Witikon hat eine Kindergerechte Sanit\u00e4ranlage bekommen.\u00a0Design und Funktionalit\u00e4t in absolut kindgerechter\u00a0Form und\u00a0leicht bedien- und nutzbar sowie\u00a0dabei deutlich Personal entlastend. Die Kinder lernen hier selbst\u00e4ndig die Z\u00e4hne zu Putzen und die Gesichtsreinigung zu vollziehen. Wir ermuntern den ersten WC Besuch und unterst\u00fctzen sie beim Trockenwerden.<\/p>","protected":false},"excerpt":{"rendered":"<p>Unsere frisch renovierte Kinderkrippe im Zentrum Witikon hat eine Kindergerechte Sanit\u00e4ranlage bekommen.\u00a0Design und Funktionalit\u00e4t in absolut kindgerechter\u00a0Form und\u00a0leicht bedien- und nutzbar sowie\u00a0dabei deutlich Personal entlastend. Die Kinder lernen hier selbst\u00e4ndig die Z\u00e4hne zu Putzen und die Gesichtsreinigung zu vollziehen. Wir ermuntern den ersten WC Besuch und unterst\u00fctzen sie beim Trockenwerden.<\/p>","protected":false},"author":2,"featured_media":6302,"comment_status":"closed","ping_status":"closed","sticky":false,"template":"","format":"gallery","meta":{"footnotes":""},"categories":[519],"tags":[],"class_list":["post-6307","post","type-post","status-publish","format-gallery","has-post-thumbnail","hentry","category-kinderkrippe-blog","post_format-post-format-gallery"],"_links":{"self":[{"href":"https:\/\/kitabluemli.ch\/en\/wp-json\/wp\/v2\/posts\/6307","targetHints":{"allow":["GET"]}}],"collection":[{"href":"https:\/\/kitabluemli.ch\/en\/wp-json\/wp\/v2\/posts"}],"about":[{"href":"https:\/\/kitabluemli.ch\/en\/wp-json\/wp\/v2\/types\/post"}],"author":[{"embeddable":true,"href":"https:\/\/kitabluemli.ch\/en\/wp-json\/wp\/v2\/users\/2"}],"replies":[{"embeddable":true,"href":"https:\/\/kitabluemli.ch\/en\/wp-json\/wp\/v2\/comments?post=6307"}],"version-history":[{"count":0,"href":"https:\/\/kitabluemli.ch\/en\/wp-json\/wp\/v2\/posts\/6307\/revisions"}],"wp:featuredmedia":[{"embeddable":true,"href":"https:\/\/kitabluemli.ch\/en\/wp-json\/wp\/v2\/media\/6302"}],"wp:attachment":[{"href":"https:\/\/kitabluemli.ch\/en\/wp-json\/wp\/v2\/media?parent=6307"}],"wp:term":[{"taxonomy":"category","embeddable":true,"href":"https:\/\/kitabluemli.ch\/en\/wp-json\/wp\/v2\/categories?post=6307"},{"taxonomy":"post_tag","embeddable":true,"href":"https:\/\/kitabluemli.ch\/en\/wp-json\/wp\/v2\/tags?post=6307"}],"curies":[{"name":"wp","href":"https:\/\/api.w.org\/{rel}","templated":true}]}}