{"id":6351,"date":"2018-06-03T08:00:00","date_gmt":"2018-06-03T06:00:00","guid":{"rendered":"https:\/\/eager-austin.188-34-163-140.plesk.page\/?p=6351"},"modified":"2018-06-03T08:00:00","modified_gmt":"2018-06-03T06:00:00","slug":"vatertag-2018","status":"publish","type":"post","link":"https:\/\/kitabluemli.ch\/en\/vatertag-2018\/","title":{"rendered":"Vatertag 2018"},"content":{"rendered":"<p>Danke liebe V\u00e4ter f\u00fcr euren unerm\u00fcdlichen Einsatz, Liebe und Zeit die Ihr euren Kinder und Frauen gebt.\u00a0Wir w\u00fcnsche allen V\u00e4ter und werdende V\u00e4ter einen wundersch\u00f6nen Vatertag,\u00a0\u00a0das KiTa Bl\u00fcemli Team.<\/p>","protected":false},"excerpt":{"rendered":"<p>Danke liebe V\u00e4ter f\u00fcr euren unerm\u00fcdlichen Einsatz, Liebe und Zeit die Ihr euren Kinder und Frauen gebt.\u00a0Wir w\u00fcnsche allen V\u00e4ter und werdende V\u00e4ter einen wundersch\u00f6nen Vatertag,\u00a0\u00a0das KiTa Bl\u00fcemli Team.<\/p>","protected":false},"author":2,"featured_media":6352,"comment_status":"closed","ping_status":"closed","sticky":false,"template":"","format":"standard","meta":{"footnotes":""},"categories":[1,519,520],"tags":[],"class_list":["post-6351","post","type-post","status-publish","format-standard","has-post-thumbnail","hentry","category-allgemein-blog","category-kinderkrippe-blog","category-waldkinderkrippe-blog"],"_links":{"self":[{"href":"https:\/\/kitabluemli.ch\/en\/wp-json\/wp\/v2\/posts\/6351","targetHints":{"allow":["GET"]}}],"collection":[{"href":"https:\/\/kitabluemli.ch\/en\/wp-json\/wp\/v2\/posts"}],"about":[{"href":"https:\/\/kitabluemli.ch\/en\/wp-json\/wp\/v2\/types\/post"}],"author":[{"embeddable":true,"href":"https:\/\/kitabluemli.ch\/en\/wp-json\/wp\/v2\/users\/2"}],"replies":[{"embeddable":true,"href":"https:\/\/kitabluemli.ch\/en\/wp-json\/wp\/v2\/comments?post=6351"}],"version-history":[{"count":0,"href":"https:\/\/kitabluemli.ch\/en\/wp-json\/wp\/v2\/posts\/6351\/revisions"}],"wp:featuredmedia":[{"embeddable":true,"href":"https:\/\/kitabluemli.ch\/en\/wp-json\/wp\/v2\/media\/6352"}],"wp:attachment":[{"href":"https:\/\/kitabluemli.ch\/en\/wp-json\/wp\/v2\/media?parent=6351"}],"wp:term":[{"taxonomy":"category","embeddable":true,"href":"https:\/\/kitabluemli.ch\/en\/wp-json\/wp\/v2\/categories?post=6351"},{"taxonomy":"post_tag","embeddable":true,"href":"https:\/\/kitabluemli.ch\/en\/wp-json\/wp\/v2\/tags?post=6351"}],"curies":[{"name":"wp","href":"https:\/\/api.w.org\/{rel}","templated":true}]}}