{"id":6360,"date":"2018-06-05T18:00:40","date_gmt":"2018-06-05T16:00:40","guid":{"rendered":"https:\/\/eager-austin.188-34-163-140.plesk.page\/?p=6360"},"modified":"2024-12-14T11:22:04","modified_gmt":"2024-12-14T10:22:04","slug":"waldkinder","status":"publish","type":"post","link":"https:\/\/kitabluemli.ch\/en\/waldkinder\/","title":{"rendered":"Waldkinder"},"content":{"rendered":"<p>Zwei sch\u00f6ne Gruppenfoto unser Waldkinder. \u00a0Die Kinder lernen durch den engen Kontakt die Natur kennen und lieben. Riechen, f\u00fchlen, h\u00f6ren, sehen, schmecken \u2013 im Wald werden alle Sinne nat\u00fcrlich und vielseitig angeregt. In die <a href=\"https:\/\/kitabluemli.ch\/en\/\">Forest Daycare<\/a> wird die motorische Geschicklichkeit und Kondition t\u00e4glich geschult. Dies beugt Haltungssch\u00e4den und motorischen Problemen vor, wie sie heute schon h\u00e4ufig im Grundschulalter festgestellt werden. Ihr Kind kann jederzeit bei uns zur Probe vorbeikommen, ruf uns an.<\/p>","protected":false},"excerpt":{"rendered":"<p>Zwei sch\u00f6ne Gruppenfoto unser Waldkinder. \u00a0Die Kinder lernen durch den engen Kontakt die Natur kennen und lieben. Riechen, f\u00fchlen, h\u00f6ren, sehen, schmecken \u2013 im Wald werden alle Sinne nat\u00fcrlich und vielseitig angeregt. In die Waldkinderkrippe wird die motorische Geschicklichkeit und Kondition t\u00e4glich geschult. Dies beugt Haltungssch\u00e4den und motorischen Problemen vor, wie sie heute schon h\u00e4ufig [&hellip;]<\/p>\n","protected":false},"author":2,"featured_media":23204,"comment_status":"closed","ping_status":"closed","sticky":false,"template":"","format":"gallery","meta":{"footnotes":""},"categories":[520],"tags":[],"class_list":["post-6360","post","type-post","status-publish","format-gallery","has-post-thumbnail","hentry","category-waldkinderkrippe-blog","post_format-post-format-gallery"],"_links":{"self":[{"href":"https:\/\/kitabluemli.ch\/en\/wp-json\/wp\/v2\/posts\/6360","targetHints":{"allow":["GET"]}}],"collection":[{"href":"https:\/\/kitabluemli.ch\/en\/wp-json\/wp\/v2\/posts"}],"about":[{"href":"https:\/\/kitabluemli.ch\/en\/wp-json\/wp\/v2\/types\/post"}],"author":[{"embeddable":true,"href":"https:\/\/kitabluemli.ch\/en\/wp-json\/wp\/v2\/users\/2"}],"replies":[{"embeddable":true,"href":"https:\/\/kitabluemli.ch\/en\/wp-json\/wp\/v2\/comments?post=6360"}],"version-history":[{"count":0,"href":"https:\/\/kitabluemli.ch\/en\/wp-json\/wp\/v2\/posts\/6360\/revisions"}],"wp:featuredmedia":[{"embeddable":true,"href":"https:\/\/kitabluemli.ch\/en\/wp-json\/wp\/v2\/media\/23204"}],"wp:attachment":[{"href":"https:\/\/kitabluemli.ch\/en\/wp-json\/wp\/v2\/media?parent=6360"}],"wp:term":[{"taxonomy":"category","embeddable":true,"href":"https:\/\/kitabluemli.ch\/en\/wp-json\/wp\/v2\/categories?post=6360"},{"taxonomy":"post_tag","embeddable":true,"href":"https:\/\/kitabluemli.ch\/en\/wp-json\/wp\/v2\/tags?post=6360"}],"curies":[{"name":"wp","href":"https:\/\/api.w.org\/{rel}","templated":true}]}}