{"id":6430,"date":"2018-06-08T18:00:41","date_gmt":"2018-06-08T16:00:41","guid":{"rendered":"https:\/\/eager-austin.188-34-163-140.plesk.page\/?p=6430"},"modified":"2018-06-08T18:00:41","modified_gmt":"2018-06-08T16:00:41","slug":"regenbogentuch","status":"publish","type":"post","link":"https:\/\/kitabluemli.ch\/en\/regenbogentuch\/","title":{"rendered":"Regenbogentuch"},"content":{"rendered":"<div id='gallery-1' class='gallery galleryid-6430 gallery-columns-3 gallery-size-thumbnail'><figure class='gallery-item'>\n\t\t\t<div class='gallery-icon landscape'>\n\t\t\t\t<a href='https:\/\/kitabluemli.ch\/en\/regenbogentuch-06\/'><img decoding=\"async\" width=\"150\" height=\"150\" src=\"https:\/\/kitabluemli.ch\/wp-content\/uploads\/2018\/06\/regenbogentuch-06-150x150.jpg\" class=\"attachment-thumbnail size-thumbnail\" alt=\"Regenbogentuch 06\" title=\"\"><\/a>\n\t\t\t<\/div><\/figure>\n\t\t<\/div>\n\n<p>Rot, Blau, Gelb und Gr\u00fcn&#8230; das sind die Farben unseren Regenbogentuch. Die Kinder halten an den Seiten das Schwungtuch in H\u00fcfth\u00f6he fest. Auf ein Zeichen hin beginnen sie die Arme nach oben und unten zu bewegen, so dass das Schwungtuch &#171;Wellen&#187; schl\u00e4gt. Mit dem Schwungtuch wird das Sozialverhalten, das Miteinander in Gruppen, Motorik, K\u00f6rperkoordination und Haltung gefordert.<\/p>","protected":false},"excerpt":{"rendered":"<p>Rot, Blau, Gelb und Gr\u00fcn&#8230; das sind die Farben unseren Regenbogentuch. Die Kinder halten an den Seiten das Schwungtuch in H\u00fcfth\u00f6he fest. Auf ein Zeichen hin beginnen sie die Arme nach oben und unten zu bewegen, so dass das Schwungtuch &#171;Wellen&#187; schl\u00e4gt. Mit dem Schwungtuch wird das Sozialverhalten, das Miteinander in Gruppen, Motorik, K\u00f6rperkoordination und [&hellip;]<\/p>\n","protected":false},"author":2,"featured_media":6422,"comment_status":"closed","ping_status":"closed","sticky":false,"template":"","format":"gallery","meta":{"footnotes":""},"categories":[520],"tags":[],"class_list":["post-6430","post","type-post","status-publish","format-gallery","has-post-thumbnail","hentry","category-waldkinderkrippe-blog","post_format-post-format-gallery"],"_links":{"self":[{"href":"https:\/\/kitabluemli.ch\/en\/wp-json\/wp\/v2\/posts\/6430","targetHints":{"allow":["GET"]}}],"collection":[{"href":"https:\/\/kitabluemli.ch\/en\/wp-json\/wp\/v2\/posts"}],"about":[{"href":"https:\/\/kitabluemli.ch\/en\/wp-json\/wp\/v2\/types\/post"}],"author":[{"embeddable":true,"href":"https:\/\/kitabluemli.ch\/en\/wp-json\/wp\/v2\/users\/2"}],"replies":[{"embeddable":true,"href":"https:\/\/kitabluemli.ch\/en\/wp-json\/wp\/v2\/comments?post=6430"}],"version-history":[{"count":0,"href":"https:\/\/kitabluemli.ch\/en\/wp-json\/wp\/v2\/posts\/6430\/revisions"}],"wp:featuredmedia":[{"embeddable":true,"href":"https:\/\/kitabluemli.ch\/en\/wp-json\/wp\/v2\/media\/6422"}],"wp:attachment":[{"href":"https:\/\/kitabluemli.ch\/en\/wp-json\/wp\/v2\/media?parent=6430"}],"wp:term":[{"taxonomy":"category","embeddable":true,"href":"https:\/\/kitabluemli.ch\/en\/wp-json\/wp\/v2\/categories?post=6430"},{"taxonomy":"post_tag","embeddable":true,"href":"https:\/\/kitabluemli.ch\/en\/wp-json\/wp\/v2\/tags?post=6430"}],"curies":[{"name":"wp","href":"https:\/\/api.w.org\/{rel}","templated":true}]}}