{"id":6437,"date":"2018-06-13T12:00:52","date_gmt":"2018-06-13T10:00:52","guid":{"rendered":"https:\/\/eager-austin.188-34-163-140.plesk.page\/?p=6437"},"modified":"2018-06-13T12:00:52","modified_gmt":"2018-06-13T10:00:52","slug":"waldpuzzle","status":"publish","type":"post","link":"https:\/\/kitabluemli.ch\/en\/waldpuzzle\/","title":{"rendered":"Waldpuzzle"},"content":{"rendered":"<div id='gallery-1' class='gallery galleryid-6437 gallery-columns-3 gallery-size-thumbnail'><figure class='gallery-item'>\n\t\t\t<div class='gallery-icon landscape'>\n\t\t\t\t<a href='https:\/\/kitabluemli.ch\/en\/waldpuzzle-03\/'><img decoding=\"async\" width=\"150\" height=\"150\" src=\"https:\/\/kitabluemli.ch\/wp-content\/uploads\/2018\/06\/waldpuzzle-03-150x150.jpg\" class=\"attachment-thumbnail size-thumbnail\" alt=\"Waldpuzzle\" title=\"\"><\/a>\n\t\t\t<\/div><\/figure>\n\t\t<\/div>\n\n<p>Waldpuzzle &#8211; Puzzlen regt das r\u00e4umliche Vorstellungsverm\u00f6gen der Kinder an, sie m\u00fcssen logische schl\u00fcsse ziehen&#8230; wie was wo passt und die Augen- und Hand Koordination wird geschult. Nich zu vergessen,\u00a0beim Puzzlespiel wird der Durchhaltewille, die Frustrationstoleranz und die Geduld der Kinder gest\u00e4rkt.\u00a0Als Belohnung winkt das wundersch\u00f6ne Endmotiv.<\/p>","protected":false},"excerpt":{"rendered":"<p>Waldpuzzle &#8211; Puzzlen regt das r\u00e4umliche Vorstellungsverm\u00f6gen der Kinder an, sie m\u00fcssen logische schl\u00fcsse ziehen&#8230; wie was wo passt und die Augen- und Hand Koordination wird geschult. Nich zu vergessen,\u00a0beim Puzzlespiel wird der Durchhaltewille, die Frustrationstoleranz und die Geduld der Kinder gest\u00e4rkt.\u00a0Als Belohnung winkt das wundersch\u00f6ne Endmotiv.<\/p>","protected":false},"author":2,"featured_media":6429,"comment_status":"closed","ping_status":"closed","sticky":false,"template":"","format":"gallery","meta":{"footnotes":""},"categories":[520],"tags":[],"class_list":["post-6437","post","type-post","status-publish","format-gallery","has-post-thumbnail","hentry","category-waldkinderkrippe-blog","post_format-post-format-gallery"],"_links":{"self":[{"href":"https:\/\/kitabluemli.ch\/en\/wp-json\/wp\/v2\/posts\/6437","targetHints":{"allow":["GET"]}}],"collection":[{"href":"https:\/\/kitabluemli.ch\/en\/wp-json\/wp\/v2\/posts"}],"about":[{"href":"https:\/\/kitabluemli.ch\/en\/wp-json\/wp\/v2\/types\/post"}],"author":[{"embeddable":true,"href":"https:\/\/kitabluemli.ch\/en\/wp-json\/wp\/v2\/users\/2"}],"replies":[{"embeddable":true,"href":"https:\/\/kitabluemli.ch\/en\/wp-json\/wp\/v2\/comments?post=6437"}],"version-history":[{"count":0,"href":"https:\/\/kitabluemli.ch\/en\/wp-json\/wp\/v2\/posts\/6437\/revisions"}],"wp:featuredmedia":[{"embeddable":true,"href":"https:\/\/kitabluemli.ch\/en\/wp-json\/wp\/v2\/media\/6429"}],"wp:attachment":[{"href":"https:\/\/kitabluemli.ch\/en\/wp-json\/wp\/v2\/media?parent=6437"}],"wp:term":[{"taxonomy":"category","embeddable":true,"href":"https:\/\/kitabluemli.ch\/en\/wp-json\/wp\/v2\/categories?post=6437"},{"taxonomy":"post_tag","embeddable":true,"href":"https:\/\/kitabluemli.ch\/en\/wp-json\/wp\/v2\/tags?post=6437"}],"curies":[{"name":"wp","href":"https:\/\/api.w.org\/{rel}","templated":true}]}}