{"id":6439,"date":"2018-06-14T12:00:57","date_gmt":"2018-06-14T10:00:57","guid":{"rendered":"https:\/\/eager-austin.188-34-163-140.plesk.page\/?p=6439"},"modified":"2018-06-14T12:00:57","modified_gmt":"2018-06-14T10:00:57","slug":"orientierungssinn","status":"publish","type":"post","link":"https:\/\/kitabluemli.ch\/en\/orientierungssinn\/","title":{"rendered":"Orientierungssinn"},"content":{"rendered":"<div id='gallery-1' class='gallery galleryid-6439 gallery-columns-3 gallery-size-thumbnail'><figure class='gallery-item'>\n\t\t\t<div class='gallery-icon landscape'>\n\t\t\t\t<a href='https:\/\/kitabluemli.ch\/en\/orientierung-02\/'><img decoding=\"async\" width=\"150\" height=\"150\" src=\"https:\/\/kitabluemli.ch\/wp-content\/uploads\/2018\/06\/orientierung-02-150x150.jpg\" class=\"attachment-thumbnail size-thumbnail\" alt=\"Orientierungssinn\" title=\"\"><\/a>\n\t\t\t<\/div><\/figure>\n\t\t<\/div>\n\n<p>Orientierungssinn &#8211; Das Zauberwort heisst Raumvorstellungsverm\u00f6gen und ist die Basis f\u00fcr geographische Orientierung, mathematisches Denken wie auch f\u00fcr Logik.\u00a0Und diese Raumvorstellung beginnt damit, dass die Kinder wissen, was vorn und hinten, oben und unten, rechts und links ist. Wir f\u00f6rdern die Kinder tagt\u00e4glich mit\u00a0grobmotorischen T\u00e4tigkeiten wie etwa Klettern, Laufen oder Springen die das Raumgef\u00fchl unterst\u00fctze.<\/p>","protected":false},"excerpt":{"rendered":"<p>Orientierungssinn &#8211; Das Zauberwort heisst Raumvorstellungsverm\u00f6gen und ist die Basis f\u00fcr geographische Orientierung, mathematisches Denken wie auch f\u00fcr Logik.\u00a0Und diese Raumvorstellung beginnt damit, dass die Kinder wissen, was vorn und hinten, oben und unten, rechts und links ist. Wir f\u00f6rdern die Kinder tagt\u00e4glich mit\u00a0grobmotorischen T\u00e4tigkeiten wie etwa Klettern, Laufen oder Springen die das Raumgef\u00fchl unterst\u00fctze.<\/p>","protected":false},"author":2,"featured_media":6419,"comment_status":"closed","ping_status":"closed","sticky":false,"template":"","format":"gallery","meta":{"footnotes":""},"categories":[520],"tags":[],"class_list":["post-6439","post","type-post","status-publish","format-gallery","has-post-thumbnail","hentry","category-waldkinderkrippe-blog","post_format-post-format-gallery"],"_links":{"self":[{"href":"https:\/\/kitabluemli.ch\/en\/wp-json\/wp\/v2\/posts\/6439","targetHints":{"allow":["GET"]}}],"collection":[{"href":"https:\/\/kitabluemli.ch\/en\/wp-json\/wp\/v2\/posts"}],"about":[{"href":"https:\/\/kitabluemli.ch\/en\/wp-json\/wp\/v2\/types\/post"}],"author":[{"embeddable":true,"href":"https:\/\/kitabluemli.ch\/en\/wp-json\/wp\/v2\/users\/2"}],"replies":[{"embeddable":true,"href":"https:\/\/kitabluemli.ch\/en\/wp-json\/wp\/v2\/comments?post=6439"}],"version-history":[{"count":0,"href":"https:\/\/kitabluemli.ch\/en\/wp-json\/wp\/v2\/posts\/6439\/revisions"}],"wp:featuredmedia":[{"embeddable":true,"href":"https:\/\/kitabluemli.ch\/en\/wp-json\/wp\/v2\/media\/6419"}],"wp:attachment":[{"href":"https:\/\/kitabluemli.ch\/en\/wp-json\/wp\/v2\/media?parent=6439"}],"wp:term":[{"taxonomy":"category","embeddable":true,"href":"https:\/\/kitabluemli.ch\/en\/wp-json\/wp\/v2\/categories?post=6439"},{"taxonomy":"post_tag","embeddable":true,"href":"https:\/\/kitabluemli.ch\/en\/wp-json\/wp\/v2\/tags?post=6439"}],"curies":[{"name":"wp","href":"https:\/\/api.w.org\/{rel}","templated":true}]}}