{"id":6477,"date":"2018-06-12T12:00:12","date_gmt":"2018-06-12T10:00:12","guid":{"rendered":"https:\/\/eager-austin.188-34-163-140.plesk.page\/?p=6477"},"modified":"2025-01-03T14:55:38","modified_gmt":"2025-01-03T13:55:38","slug":"tagesausflueg-zoo-zuerich-teil-2-2","status":"publish","type":"post","link":"https:\/\/kitabluemli.ch\/en\/tagesausflueg-zoo-zuerich-teil-2-2\/","title":{"rendered":"Tagesausfl\u00fcg Zoo Z\u00fcrich &#8211; Teil 2"},"content":{"rendered":"<p>&nbsp;<\/p>\n<div id='gallery-1' class='gallery galleryid-6477 gallery-columns-3 gallery-size-thumbnail'><figure class='gallery-item'>\n\t\t\t<div class='gallery-icon portrait'>\n\t\t\t\t<a href='https:\/\/kitabluemli.ch\/en\/tagesausflueg-zoo-zuerich-05\/'><img decoding=\"async\" width=\"150\" height=\"150\" src=\"https:\/\/kitabluemli.ch\/wp-content\/uploads\/2018\/06\/tagesausflueg-zoo-zuerich-05-150x150.jpg\" class=\"attachment-thumbnail size-thumbnail\" alt=\"Tagesausfl\u00fcg Zoo Z\u00fcrich\" title=\"\"><\/a>\n\t\t\t<\/div><\/figure>\n\t\t<\/div>\n\n<p>Letzte Woche waren mit all unseren Kinder im <a href=\"https:\/\/www.zoo.ch\" target=\"_blank\" rel=\"noopener\">Zoo Z\u00fcrich<\/a>. Teil 2 &#8211; Der Zoo Z\u00fcrich ist f\u00fcr unsere Kinder ein beliebtes Ausflugsziel, denn so ein Besuch ist f\u00fcr alle Beteiligten, auch f\u00fcr die Erzieherinnen, mit viel Spass und Freude verbunden.\u00a0Einem Tier unmittelbar gegen\u00fcber zu stehen, es aus der N\u00e4he zu betrachten und dabei alles genau sehen und eventuell auch h\u00f6ren und riechen zu k\u00f6nnen, das ist ein unvergessliches Erlebnis f\u00fcr jedes Kind. <a href=\"https:\/\/kitabluemli.ch\/en\/tagesausflueg-zoo-zuerich-teil-1\/\">Hier Teil 1<\/a><\/p>","protected":false},"excerpt":{"rendered":"<p>&nbsp; Letzte Woche waren mit all unseren Kinder im Zoo Z\u00fcrich. Teil 2 &#8211; Der Zoo Z\u00fcrich ist f\u00fcr unsere Kinder ein beliebtes Ausflugsziel, denn so ein Besuch ist f\u00fcr alle Beteiligten, auch f\u00fcr die Erzieherinnen, mit viel Spass und Freude verbunden.\u00a0Einem Tier unmittelbar gegen\u00fcber zu stehen, es aus der N\u00e4he zu betrachten und dabei [&hellip;]<\/p>\n","protected":false},"author":2,"featured_media":6464,"comment_status":"closed","ping_status":"closed","sticky":false,"template":"","format":"gallery","meta":{"footnotes":""},"categories":[519,520],"tags":[],"class_list":["post-6477","post","type-post","status-publish","format-gallery","has-post-thumbnail","hentry","category-kinderkrippe-blog","category-waldkinderkrippe-blog","post_format-post-format-gallery"],"_links":{"self":[{"href":"https:\/\/kitabluemli.ch\/en\/wp-json\/wp\/v2\/posts\/6477","targetHints":{"allow":["GET"]}}],"collection":[{"href":"https:\/\/kitabluemli.ch\/en\/wp-json\/wp\/v2\/posts"}],"about":[{"href":"https:\/\/kitabluemli.ch\/en\/wp-json\/wp\/v2\/types\/post"}],"author":[{"embeddable":true,"href":"https:\/\/kitabluemli.ch\/en\/wp-json\/wp\/v2\/users\/2"}],"replies":[{"embeddable":true,"href":"https:\/\/kitabluemli.ch\/en\/wp-json\/wp\/v2\/comments?post=6477"}],"version-history":[{"count":0,"href":"https:\/\/kitabluemli.ch\/en\/wp-json\/wp\/v2\/posts\/6477\/revisions"}],"wp:featuredmedia":[{"embeddable":true,"href":"https:\/\/kitabluemli.ch\/en\/wp-json\/wp\/v2\/media\/6464"}],"wp:attachment":[{"href":"https:\/\/kitabluemli.ch\/en\/wp-json\/wp\/v2\/media?parent=6477"}],"wp:term":[{"taxonomy":"category","embeddable":true,"href":"https:\/\/kitabluemli.ch\/en\/wp-json\/wp\/v2\/categories?post=6477"},{"taxonomy":"post_tag","embeddable":true,"href":"https:\/\/kitabluemli.ch\/en\/wp-json\/wp\/v2\/tags?post=6477"}],"curies":[{"name":"wp","href":"https:\/\/api.w.org\/{rel}","templated":true}]}}