{"id":6485,"date":"2018-06-11T12:00:28","date_gmt":"2018-06-11T10:00:28","guid":{"rendered":"https:\/\/eager-austin.188-34-163-140.plesk.page\/?p=6485"},"modified":"2025-01-03T14:55:45","modified_gmt":"2025-01-03T13:55:45","slug":"tagesausflueg-zoo-zuerich-teil-1","status":"publish","type":"post","link":"https:\/\/kitabluemli.ch\/en\/tagesausflueg-zoo-zuerich-teil-1\/","title":{"rendered":"Tagesausfl\u00fcg Zoo Z\u00fcrich &#8211; Teil 1"},"content":{"rendered":"<div id='gallery-1' class='gallery galleryid-6485 gallery-columns-3 gallery-size-thumbnail'><figure class='gallery-item'>\n\t\t\t<div class='gallery-icon landscape'>\n\t\t\t\t<a href='https:\/\/kitabluemli.ch\/en\/tagesausflueg-zoo-zuerich-10\/'><img decoding=\"async\" width=\"150\" height=\"150\" src=\"https:\/\/kitabluemli.ch\/wp-content\/uploads\/2018\/06\/tagesausflueg-zoo-zuerich-10-150x150.jpg\" class=\"attachment-thumbnail size-thumbnail\" alt=\"Tagesausfl\u00fcg Zoo Z\u00fcrich\" title=\"\"><\/a>\n\t\t\t<\/div><\/figure>\n\t\t<\/div>\n\n<p>Letzte Woche waren mit all unseren Kinder im <a href=\"https:\/\/www.zoo.ch\" target=\"_blank\" rel=\"noopener\">Zoo Z\u00fcrich<\/a>. Teil 1 &#8211; Der Zoo Z\u00fcrich ist f\u00fcr unsere Kinder ein beliebtes Ausflugsziel, denn so ein Besuch ist f\u00fcr alle Beteiligten, auch f\u00fcr die Erzieherinnen, mit viel Spass und Freude verbunden.\u00a0Der Ausflug in den Zoo bedarf wie jeder andere Ausflug auch einer guten, gemeinsamen Vorbereitung wie z.B.\u00a0Anfahrt, Eintrittskosten, Zeiteinteilung und\u00a0vor allen Dingen die methodisch-didaktischen Vorbereitungen. (Teil 2 erscheint Morgen Abend)<\/p>","protected":false},"excerpt":{"rendered":"<p>Letzte Woche waren mit all unseren Kinder im Zoo Z\u00fcrich. Teil 1 &#8211; Der Zoo Z\u00fcrich ist f\u00fcr unsere Kinder ein beliebtes Ausflugsziel, denn so ein Besuch ist f\u00fcr alle Beteiligten, auch f\u00fcr die Erzieherinnen, mit viel Spass und Freude verbunden.\u00a0Der Ausflug in den Zoo bedarf wie jeder andere Ausflug auch einer guten, gemeinsamen Vorbereitung [&hellip;]<\/p>\n","protected":false},"author":2,"featured_media":6468,"comment_status":"closed","ping_status":"closed","sticky":false,"template":"","format":"gallery","meta":{"footnotes":""},"categories":[519,520],"tags":[],"class_list":["post-6485","post","type-post","status-publish","format-gallery","has-post-thumbnail","hentry","category-kinderkrippe-blog","category-waldkinderkrippe-blog","post_format-post-format-gallery"],"_links":{"self":[{"href":"https:\/\/kitabluemli.ch\/en\/wp-json\/wp\/v2\/posts\/6485","targetHints":{"allow":["GET"]}}],"collection":[{"href":"https:\/\/kitabluemli.ch\/en\/wp-json\/wp\/v2\/posts"}],"about":[{"href":"https:\/\/kitabluemli.ch\/en\/wp-json\/wp\/v2\/types\/post"}],"author":[{"embeddable":true,"href":"https:\/\/kitabluemli.ch\/en\/wp-json\/wp\/v2\/users\/2"}],"replies":[{"embeddable":true,"href":"https:\/\/kitabluemli.ch\/en\/wp-json\/wp\/v2\/comments?post=6485"}],"version-history":[{"count":0,"href":"https:\/\/kitabluemli.ch\/en\/wp-json\/wp\/v2\/posts\/6485\/revisions"}],"wp:featuredmedia":[{"embeddable":true,"href":"https:\/\/kitabluemli.ch\/en\/wp-json\/wp\/v2\/media\/6468"}],"wp:attachment":[{"href":"https:\/\/kitabluemli.ch\/en\/wp-json\/wp\/v2\/media?parent=6485"}],"wp:term":[{"taxonomy":"category","embeddable":true,"href":"https:\/\/kitabluemli.ch\/en\/wp-json\/wp\/v2\/categories?post=6485"},{"taxonomy":"post_tag","embeddable":true,"href":"https:\/\/kitabluemli.ch\/en\/wp-json\/wp\/v2\/tags?post=6485"}],"curies":[{"name":"wp","href":"https:\/\/api.w.org\/{rel}","templated":true}]}}