{"id":6529,"date":"2018-06-24T21:00:38","date_gmt":"2018-06-24T19:00:38","guid":{"rendered":"https:\/\/eager-austin.188-34-163-140.plesk.page\/?p=6529"},"modified":"2018-06-24T21:00:38","modified_gmt":"2018-06-24T19:00:38","slug":"essen-in-der-kita","status":"publish","type":"post","link":"https:\/\/kitabluemli.ch\/en\/essen-in-der-kita\/","title":{"rendered":"Essen in der KiTa"},"content":{"rendered":"<p>Essen in der <a href=\"https:\/\/kitabluemli.ch\/en\/\">KiTa<\/a>&#8211; \u00a0Wir bereiten f\u00fcr die Kinder t\u00e4glich frisch und saisonale Mahlzeiten selber zu und achtet auf eine gesunde und abwechslungsreiche Ern\u00e4hrung. Die Kinder erhalten Fr\u00fchst\u00fcck, Zn\u00fcni, Mittagessen und Zvieri. Lebensmittelunvertr\u00e4glichkeiten werden ber\u00fccksichtigt.\u00a0Ab 20. August 2018 werden wir alle unsere Mahlzeiten m\u00f6glichst mit Bio Produkten zubereiten.<\/p>\n<p>Lesetipp: <a href=\"http:\/\/www.sge-ssn.ch\/media\/merkblatt_ernaehrung_von_kindern_2011_41.pdf\" target=\"_blank\" rel=\"noopener\">Ern\u00e4hrung f\u00fcr Kinder<\/a> vom SGE<\/p>","protected":false},"excerpt":{"rendered":"<p>Essen in der KiTa&#8211; \u00a0Wir bereiten f\u00fcr die Kinder t\u00e4glich frisch und saisonale Mahlzeiten selber zu und achtet auf eine gesunde und abwechslungsreiche Ern\u00e4hrung. Die Kinder erhalten Fr\u00fchst\u00fcck, Zn\u00fcni, Mittagessen und Zvieri. Lebensmittelunvertr\u00e4glichkeiten werden ber\u00fccksichtigt.\u00a0Ab 20. August 2018 werden wir alle unsere Mahlzeiten m\u00f6glichst mit Bio Produkten zubereiten. Lesetipp: Ern\u00e4hrung f\u00fcr Kinder vom SGE<\/p>","protected":false},"author":2,"featured_media":6373,"comment_status":"closed","ping_status":"closed","sticky":false,"template":"","format":"standard","meta":{"footnotes":""},"categories":[1,519,520],"tags":[],"class_list":["post-6529","post","type-post","status-publish","format-standard","has-post-thumbnail","hentry","category-allgemein-blog","category-kinderkrippe-blog","category-waldkinderkrippe-blog"],"_links":{"self":[{"href":"https:\/\/kitabluemli.ch\/en\/wp-json\/wp\/v2\/posts\/6529","targetHints":{"allow":["GET"]}}],"collection":[{"href":"https:\/\/kitabluemli.ch\/en\/wp-json\/wp\/v2\/posts"}],"about":[{"href":"https:\/\/kitabluemli.ch\/en\/wp-json\/wp\/v2\/types\/post"}],"author":[{"embeddable":true,"href":"https:\/\/kitabluemli.ch\/en\/wp-json\/wp\/v2\/users\/2"}],"replies":[{"embeddable":true,"href":"https:\/\/kitabluemli.ch\/en\/wp-json\/wp\/v2\/comments?post=6529"}],"version-history":[{"count":0,"href":"https:\/\/kitabluemli.ch\/en\/wp-json\/wp\/v2\/posts\/6529\/revisions"}],"wp:featuredmedia":[{"embeddable":true,"href":"https:\/\/kitabluemli.ch\/en\/wp-json\/wp\/v2\/media\/6373"}],"wp:attachment":[{"href":"https:\/\/kitabluemli.ch\/en\/wp-json\/wp\/v2\/media?parent=6529"}],"wp:term":[{"taxonomy":"category","embeddable":true,"href":"https:\/\/kitabluemli.ch\/en\/wp-json\/wp\/v2\/categories?post=6529"},{"taxonomy":"post_tag","embeddable":true,"href":"https:\/\/kitabluemli.ch\/en\/wp-json\/wp\/v2\/tags?post=6529"}],"curies":[{"name":"wp","href":"https:\/\/api.w.org\/{rel}","templated":true}]}}