{"id":6589,"date":"2018-06-22T19:46:41","date_gmt":"2018-06-22T17:46:41","guid":{"rendered":"https:\/\/eager-austin.188-34-163-140.plesk.page\/?p=6589"},"modified":"2018-06-22T19:46:41","modified_gmt":"2018-06-22T17:46:41","slug":"hopp-schwiiz-dueme-druecke","status":"publish","type":"post","link":"https:\/\/kitabluemli.ch\/en\/hopp-schwiiz-dueme-druecke\/","title":{"rendered":"Hopp Schwiiz, D\u00fcme dr\u00fccke !"},"content":{"rendered":"<p>Schweiz &#8211; Serbien WM 2018 &#8211; Bald ist es soweit&#8230; Daumen dr\u00fccken&#8230; wir Fiebern mit! <strong>Hopp Schwiiz!<\/strong><\/p>","protected":false},"excerpt":{"rendered":"<p>Schweiz &#8211; Serbien WM 2018 &#8211; Bald ist es soweit&#8230; Daumen dr\u00fccken&#8230; wir Fiebern mit! Hopp Schwiiz!<\/p>","protected":false},"author":2,"featured_media":6591,"comment_status":"closed","ping_status":"closed","sticky":false,"template":"","format":"standard","meta":{"footnotes":""},"categories":[1],"tags":[],"class_list":["post-6589","post","type-post","status-publish","format-standard","has-post-thumbnail","hentry","category-allgemein-blog"],"_links":{"self":[{"href":"https:\/\/kitabluemli.ch\/en\/wp-json\/wp\/v2\/posts\/6589","targetHints":{"allow":["GET"]}}],"collection":[{"href":"https:\/\/kitabluemli.ch\/en\/wp-json\/wp\/v2\/posts"}],"about":[{"href":"https:\/\/kitabluemli.ch\/en\/wp-json\/wp\/v2\/types\/post"}],"author":[{"embeddable":true,"href":"https:\/\/kitabluemli.ch\/en\/wp-json\/wp\/v2\/users\/2"}],"replies":[{"embeddable":true,"href":"https:\/\/kitabluemli.ch\/en\/wp-json\/wp\/v2\/comments?post=6589"}],"version-history":[{"count":0,"href":"https:\/\/kitabluemli.ch\/en\/wp-json\/wp\/v2\/posts\/6589\/revisions"}],"wp:featuredmedia":[{"embeddable":true,"href":"https:\/\/kitabluemli.ch\/en\/wp-json\/wp\/v2\/media\/6591"}],"wp:attachment":[{"href":"https:\/\/kitabluemli.ch\/en\/wp-json\/wp\/v2\/media?parent=6589"}],"wp:term":[{"taxonomy":"category","embeddable":true,"href":"https:\/\/kitabluemli.ch\/en\/wp-json\/wp\/v2\/categories?post=6589"},{"taxonomy":"post_tag","embeddable":true,"href":"https:\/\/kitabluemli.ch\/en\/wp-json\/wp\/v2\/tags?post=6589"}],"curies":[{"name":"wp","href":"https:\/\/api.w.org\/{rel}","templated":true}]}}