{"id":6662,"date":"2018-07-04T08:00:33","date_gmt":"2018-07-04T06:00:33","guid":{"rendered":"https:\/\/eager-austin.188-34-163-140.plesk.page\/?p=6662"},"modified":"2018-07-04T08:00:33","modified_gmt":"2018-07-04T06:00:33","slug":"heuguemper","status":"publish","type":"post","link":"https:\/\/kitabluemli.ch\/en\/heuguemper\/","title":{"rendered":"Heug\u00fcmper"},"content":{"rendered":"<p>Ein\u00a0Heug\u00fcmper hat sich auf unser Rucksack verirrt. Die Farbe Gr\u00fcn sticht so richtig aus. Wir beobachten es solange es geht&#8230; pl\u00f6tzlich ein Sprung und weg ist er.<\/p>","protected":false},"excerpt":{"rendered":"<p>Ein\u00a0Heug\u00fcmper hat sich auf unser Rucksack verirrt. Die Farbe Gr\u00fcn sticht so richtig aus. Wir beobachten es solange es geht&#8230; pl\u00f6tzlich ein Sprung und weg ist er.<\/p>","protected":false},"author":2,"featured_media":6664,"comment_status":"closed","ping_status":"closed","sticky":false,"template":"","format":"standard","meta":{"footnotes":""},"categories":[520],"tags":[],"class_list":["post-6662","post","type-post","status-publish","format-standard","has-post-thumbnail","hentry","category-waldkinderkrippe-blog"],"_links":{"self":[{"href":"https:\/\/kitabluemli.ch\/en\/wp-json\/wp\/v2\/posts\/6662","targetHints":{"allow":["GET"]}}],"collection":[{"href":"https:\/\/kitabluemli.ch\/en\/wp-json\/wp\/v2\/posts"}],"about":[{"href":"https:\/\/kitabluemli.ch\/en\/wp-json\/wp\/v2\/types\/post"}],"author":[{"embeddable":true,"href":"https:\/\/kitabluemli.ch\/en\/wp-json\/wp\/v2\/users\/2"}],"replies":[{"embeddable":true,"href":"https:\/\/kitabluemli.ch\/en\/wp-json\/wp\/v2\/comments?post=6662"}],"version-history":[{"count":0,"href":"https:\/\/kitabluemli.ch\/en\/wp-json\/wp\/v2\/posts\/6662\/revisions"}],"wp:featuredmedia":[{"embeddable":true,"href":"https:\/\/kitabluemli.ch\/en\/wp-json\/wp\/v2\/media\/6664"}],"wp:attachment":[{"href":"https:\/\/kitabluemli.ch\/en\/wp-json\/wp\/v2\/media?parent=6662"}],"wp:term":[{"taxonomy":"category","embeddable":true,"href":"https:\/\/kitabluemli.ch\/en\/wp-json\/wp\/v2\/categories?post=6662"},{"taxonomy":"post_tag","embeddable":true,"href":"https:\/\/kitabluemli.ch\/en\/wp-json\/wp\/v2\/tags?post=6662"}],"curies":[{"name":"wp","href":"https:\/\/api.w.org\/{rel}","templated":true}]}}