{"id":6667,"date":"2018-07-05T08:00:00","date_gmt":"2018-07-05T06:00:00","guid":{"rendered":"https:\/\/eager-austin.188-34-163-140.plesk.page\/?p=6667"},"modified":"2018-07-05T08:00:00","modified_gmt":"2018-07-05T06:00:00","slug":"waldalltag","status":"publish","type":"post","link":"https:\/\/kitabluemli.ch\/en\/waldalltag\/","title":{"rendered":"Waldalltag"},"content":{"rendered":"<div id='gallery-1' class='gallery galleryid-6667 gallery-columns-3 gallery-size-thumbnail'><figure class='gallery-item'>\n\t\t\t<div class='gallery-icon portrait'>\n\t\t\t\t<a href='https:\/\/kitabluemli.ch\/en\/waldalltag\/waldalltag-03\/'><img decoding=\"async\" width=\"150\" height=\"150\" src=\"https:\/\/kitabluemli.ch\/wp-content\/uploads\/2018\/07\/waldalltag-03-150x150.jpg\" class=\"attachment-thumbnail size-thumbnail\" alt=\"Waldalltag\" title=\"\"><\/a>\n\t\t\t<\/div><\/figure><figure class='gallery-item'>\n\t\t\t<div class='gallery-icon landscape'>\n\t\t\t\t<a href='https:\/\/kitabluemli.ch\/en\/waldalltag\/waldalltag-05\/'><img decoding=\"async\" width=\"150\" height=\"150\" src=\"https:\/\/kitabluemli.ch\/wp-content\/uploads\/2018\/07\/waldalltag-05-150x150.jpg\" class=\"attachment-thumbnail size-thumbnail\" alt=\"Waldalltag\" title=\"\"><\/a>\n\t\t\t<\/div><\/figure><figure class='gallery-item'>\n\t\t\t<div class='gallery-icon landscape'>\n\t\t\t\t<a href='https:\/\/kitabluemli.ch\/en\/waldalltag\/waldalltag-02\/'><img decoding=\"async\" width=\"150\" height=\"150\" src=\"https:\/\/kitabluemli.ch\/wp-content\/uploads\/2018\/07\/waldalltag-02-150x150.jpg\" class=\"attachment-thumbnail size-thumbnail\" alt=\"Waldalltag\" title=\"\"><\/a>\n\t\t\t<\/div><\/figure><figure class='gallery-item'>\n\t\t\t<div class='gallery-icon portrait'>\n\t\t\t\t<a href='https:\/\/kitabluemli.ch\/en\/waldalltag\/waldalltag-01\/'><img loading=\"lazy\" decoding=\"async\" width=\"150\" height=\"150\" src=\"https:\/\/kitabluemli.ch\/wp-content\/uploads\/2018\/07\/waldalltag-01-150x150.jpg\" class=\"attachment-thumbnail size-thumbnail\" alt=\"Waldalltag\" title=\"\"><\/a>\n\t\t\t<\/div><\/figure><figure class='gallery-item'>\n\t\t\t<div class='gallery-icon portrait'>\n\t\t\t\t<a href='https:\/\/kitabluemli.ch\/en\/waldalltag\/waldalltag-04\/'><img loading=\"lazy\" decoding=\"async\" width=\"150\" height=\"150\" src=\"https:\/\/kitabluemli.ch\/wp-content\/uploads\/2018\/07\/waldalltag-04-150x150.jpg\" class=\"attachment-thumbnail size-thumbnail\" alt=\"Waldalltag\" title=\"\"><\/a>\n\t\t\t<\/div><\/figure>\n\t\t<\/div>\n\n<p>Unser Waldalltag: In diesen Sommer-Monate verbringen wir die meiste Zeit vom Tag im Wald.\u00a0Nach dem alle Kinder bis sp\u00e4testens 9 Uhr in der Kita angekommen sind, wir unser Morgenkreis gemacht haben und uns mit einem gesunden Z&#8217;n\u00fcni gest\u00e4rkt haben, machen wir uns auf dem Weg in den Wald. Dort geniessen wir die Natur in vollen Z\u00fcgen, in dem wir Dinge sammeln, entdecken, experimentieren, klettern, spielen, singen, basteln, kochen und schlafen.<\/p>","protected":false},"excerpt":{"rendered":"<p>Unser Waldalltag: In diesen Sommer-Monate verbringen wir die meiste Zeit vom Tag im Wald.\u00a0Nach dem alle Kinder bis sp\u00e4testens 9 Uhr in der Kita angekommen sind, wir unser Morgenkreis gemacht haben und uns mit einem gesunden Z&#8217;n\u00fcni gest\u00e4rkt haben, machen wir uns auf dem Weg in den Wald. Dort geniessen wir die Natur in vollen [&hellip;]<\/p>\n","protected":false},"author":2,"featured_media":6671,"comment_status":"closed","ping_status":"closed","sticky":false,"template":"","format":"gallery","meta":{"footnotes":""},"categories":[520],"tags":[],"class_list":["post-6667","post","type-post","status-publish","format-gallery","has-post-thumbnail","hentry","category-waldkinderkrippe-blog","post_format-post-format-gallery"],"_links":{"self":[{"href":"https:\/\/kitabluemli.ch\/en\/wp-json\/wp\/v2\/posts\/6667","targetHints":{"allow":["GET"]}}],"collection":[{"href":"https:\/\/kitabluemli.ch\/en\/wp-json\/wp\/v2\/posts"}],"about":[{"href":"https:\/\/kitabluemli.ch\/en\/wp-json\/wp\/v2\/types\/post"}],"author":[{"embeddable":true,"href":"https:\/\/kitabluemli.ch\/en\/wp-json\/wp\/v2\/users\/2"}],"replies":[{"embeddable":true,"href":"https:\/\/kitabluemli.ch\/en\/wp-json\/wp\/v2\/comments?post=6667"}],"version-history":[{"count":0,"href":"https:\/\/kitabluemli.ch\/en\/wp-json\/wp\/v2\/posts\/6667\/revisions"}],"wp:featuredmedia":[{"embeddable":true,"href":"https:\/\/kitabluemli.ch\/en\/wp-json\/wp\/v2\/media\/6671"}],"wp:attachment":[{"href":"https:\/\/kitabluemli.ch\/en\/wp-json\/wp\/v2\/media?parent=6667"}],"wp:term":[{"taxonomy":"category","embeddable":true,"href":"https:\/\/kitabluemli.ch\/en\/wp-json\/wp\/v2\/categories?post=6667"},{"taxonomy":"post_tag","embeddable":true,"href":"https:\/\/kitabluemli.ch\/en\/wp-json\/wp\/v2\/tags?post=6667"}],"curies":[{"name":"wp","href":"https:\/\/api.w.org\/{rel}","templated":true}]}}