{"id":6694,"date":"2018-07-05T17:00:39","date_gmt":"2018-07-05T15:00:39","guid":{"rendered":"https:\/\/eager-austin.188-34-163-140.plesk.page\/?p=6694"},"modified":"2024-12-14T11:22:03","modified_gmt":"2024-12-14T10:22:03","slug":"125-jahre","status":"publish","type":"post","link":"https:\/\/kitabluemli.ch\/en\/125-jahre\/","title":{"rendered":"125 Jahre Grossstadt Z\u00fcrich"},"content":{"rendered":"<p>Z\u00fcrich begeht morgen mit einem grossen Fest das 125 Jahre Jubil\u00e4um der Grossstadt. Unsere beiden Kindergruppen: <a href=\"https:\/\/kitabluemli.ch\/en\/\">Daycare<\/a> and <a href=\"https:\/\/kitabluemli.ch\/en\/\">Forest Daycare<\/a> werden morgen unteranderem der Anlass &#171;<a href=\"https:\/\/www.stadt-zuerich.ch\/portal\/de\/index\/service\/medien\/medienmitteilungen\/2018\/juli\/180706a.html\" target=\"_blank\" rel=\"noopener\">Die Stadtpolizei Z\u00fcrich ganz nah<\/a>&#187; besuchen. Wir freuen uns die Verkehsrpolizisten \u00fcber die Schulter schauen zu k\u00f6nnen. Ausserdem gibt es ein Platzfest auf den M\u00fcnsterhof mit Musik und gratis Kuchen :-).<\/p>\n<p>Wir hoffen, dass\u00a0Petrus\u00a0mitspielt und uns ein sch\u00f6nen sonnigen Fest-Tag beschert!<\/p>","protected":false},"excerpt":{"rendered":"<p>Z\u00fcrich begeht morgen mit einem grossen Fest das 125 Jahre Jubil\u00e4um der Grossstadt. Unsere beiden Kindergruppen: Kinderkrippe und Waldkinderkrippe werden morgen unteranderem der Anlass &#171;Die Stadtpolizei Z\u00fcrich ganz nah&#187; besuchen. Wir freuen uns die Verkehsrpolizisten \u00fcber die Schulter schauen zu k\u00f6nnen. Ausserdem gibt es ein Platzfest auf den M\u00fcnsterhof mit Musik und gratis Kuchen :-). [&hellip;]<\/p>\n","protected":false},"author":2,"featured_media":6698,"comment_status":"closed","ping_status":"closed","sticky":false,"template":"","format":"standard","meta":{"footnotes":""},"categories":[1],"tags":[],"class_list":["post-6694","post","type-post","status-publish","format-standard","has-post-thumbnail","hentry","category-allgemein-blog"],"_links":{"self":[{"href":"https:\/\/kitabluemli.ch\/en\/wp-json\/wp\/v2\/posts\/6694","targetHints":{"allow":["GET"]}}],"collection":[{"href":"https:\/\/kitabluemli.ch\/en\/wp-json\/wp\/v2\/posts"}],"about":[{"href":"https:\/\/kitabluemli.ch\/en\/wp-json\/wp\/v2\/types\/post"}],"author":[{"embeddable":true,"href":"https:\/\/kitabluemli.ch\/en\/wp-json\/wp\/v2\/users\/2"}],"replies":[{"embeddable":true,"href":"https:\/\/kitabluemli.ch\/en\/wp-json\/wp\/v2\/comments?post=6694"}],"version-history":[{"count":0,"href":"https:\/\/kitabluemli.ch\/en\/wp-json\/wp\/v2\/posts\/6694\/revisions"}],"wp:featuredmedia":[{"embeddable":true,"href":"https:\/\/kitabluemli.ch\/en\/wp-json\/wp\/v2\/media\/6698"}],"wp:attachment":[{"href":"https:\/\/kitabluemli.ch\/en\/wp-json\/wp\/v2\/media?parent=6694"}],"wp:term":[{"taxonomy":"category","embeddable":true,"href":"https:\/\/kitabluemli.ch\/en\/wp-json\/wp\/v2\/categories?post=6694"},{"taxonomy":"post_tag","embeddable":true,"href":"https:\/\/kitabluemli.ch\/en\/wp-json\/wp\/v2\/tags?post=6694"}],"curies":[{"name":"wp","href":"https:\/\/api.w.org\/{rel}","templated":true}]}}