{"id":6755,"date":"2018-07-15T20:56:20","date_gmt":"2018-07-15T18:56:20","guid":{"rendered":"https:\/\/eager-austin.188-34-163-140.plesk.page\/?p=6755"},"modified":"2018-07-15T20:56:20","modified_gmt":"2018-07-15T18:56:20","slug":"sichtbarkeit-im-dunkeln","status":"publish","type":"post","link":"https:\/\/kitabluemli.ch\/en\/sichtbarkeit-im-dunkeln\/","title":{"rendered":"Sichtbarkeit im Dunkeln"},"content":{"rendered":"<div id='gallery-1' class='gallery galleryid-6755 gallery-columns-3 gallery-size-thumbnail'><figure class='gallery-item'>\n\t\t\t<div class='gallery-icon landscape'>\n\t\t\t\t<a href='https:\/\/kitabluemli.ch\/en\/sichtbarkeit-im-dunkeln-04\/'><img decoding=\"async\" width=\"150\" height=\"150\" src=\"https:\/\/kitabluemli.ch\/wp-content\/uploads\/2018\/07\/sichtbarkeit-im-dunkeln-04-150x150.jpg\" class=\"attachment-thumbnail size-thumbnail\" alt=\"Sichtbarkeit im Dunkeln\" title=\"\"><\/a>\n\t\t\t<\/div><\/figure>\n\t\t<\/div>\n\n<p>Sichtbarkeit im Dunkeln ist sehr Wichtig mit verschiedene \u00dcbungen haben wir dies mit den Kinder ge\u00fcbt.<\/p>\n<ul>\n<li>die Ver\u00e4nderung von Farben durch Lichtverh\u00e4ltnisse<\/li>\n<li>Tageszeiten durch Licht und Farben erkennen<\/li>\n<li>Sich entsprechend den Witterungsverh\u00e4ltnissen zu kleiden (reflektierendes Material)<\/li>\n<li>Taschenlampen ben\u00fctzen um sich Sichtbar zu machen<\/li>\n<\/ul>","protected":false},"excerpt":{"rendered":"<p>Sichtbarkeit im Dunkeln ist sehr Wichtig mit verschiedene \u00dcbungen haben wir dies mit den Kinder ge\u00fcbt. die Ver\u00e4nderung von Farben durch Lichtverh\u00e4ltnisse Tageszeiten durch Licht und Farben erkennen Sich entsprechend den Witterungsverh\u00e4ltnissen zu kleiden (reflektierendes Material) Taschenlampen ben\u00fctzen um sich Sichtbar zu machen<\/p>","protected":false},"author":2,"featured_media":6704,"comment_status":"closed","ping_status":"closed","sticky":false,"template":"","format":"gallery","meta":{"footnotes":""},"categories":[519,520],"tags":[],"class_list":["post-6755","post","type-post","status-publish","format-gallery","has-post-thumbnail","hentry","category-kinderkrippe-blog","category-waldkinderkrippe-blog","post_format-post-format-gallery"],"_links":{"self":[{"href":"https:\/\/kitabluemli.ch\/en\/wp-json\/wp\/v2\/posts\/6755","targetHints":{"allow":["GET"]}}],"collection":[{"href":"https:\/\/kitabluemli.ch\/en\/wp-json\/wp\/v2\/posts"}],"about":[{"href":"https:\/\/kitabluemli.ch\/en\/wp-json\/wp\/v2\/types\/post"}],"author":[{"embeddable":true,"href":"https:\/\/kitabluemli.ch\/en\/wp-json\/wp\/v2\/users\/2"}],"replies":[{"embeddable":true,"href":"https:\/\/kitabluemli.ch\/en\/wp-json\/wp\/v2\/comments?post=6755"}],"version-history":[{"count":0,"href":"https:\/\/kitabluemli.ch\/en\/wp-json\/wp\/v2\/posts\/6755\/revisions"}],"wp:featuredmedia":[{"embeddable":true,"href":"https:\/\/kitabluemli.ch\/en\/wp-json\/wp\/v2\/media\/6704"}],"wp:attachment":[{"href":"https:\/\/kitabluemli.ch\/en\/wp-json\/wp\/v2\/media?parent=6755"}],"wp:term":[{"taxonomy":"category","embeddable":true,"href":"https:\/\/kitabluemli.ch\/en\/wp-json\/wp\/v2\/categories?post=6755"},{"taxonomy":"post_tag","embeddable":true,"href":"https:\/\/kitabluemli.ch\/en\/wp-json\/wp\/v2\/tags?post=6755"}],"curies":[{"name":"wp","href":"https:\/\/api.w.org\/{rel}","templated":true}]}}