{"id":6778,"date":"2018-07-23T08:00:56","date_gmt":"2018-07-23T06:00:56","guid":{"rendered":"https:\/\/eager-austin.188-34-163-140.plesk.page\/?p=6778"},"modified":"2018-07-23T08:00:56","modified_gmt":"2018-07-23T06:00:56","slug":"waldlesen","status":"publish","type":"post","link":"https:\/\/kitabluemli.ch\/en\/waldlesen\/","title":{"rendered":"Waldlesen"},"content":{"rendered":"<div id='gallery-1' class='gallery galleryid-6778 gallery-columns-3 gallery-size-thumbnail'><figure class='gallery-item'>\n\t\t\t<div class='gallery-icon landscape'>\n\t\t\t\t<a href='https:\/\/kitabluemli.ch\/en\/waldlesen-02\/'><img decoding=\"async\" width=\"150\" height=\"150\" src=\"https:\/\/kitabluemli.ch\/wp-content\/uploads\/2018\/06\/waldlesen-02-150x150.jpg\" class=\"attachment-thumbnail size-thumbnail\" alt=\"Waldlesen\" title=\"\"><\/a>\n\t\t\t<\/div><\/figure>\n\t\t<\/div>\n\n<p>Waldlesen ist bei unsere Kinder sehr beliebt. Lesen ist eine komplexe kognitive F\u00e4higkeit, deren Erwerb nicht selbstverst\u00e4ndlich ist. Kinder brauchen deshalb p\u00e4dagogische Unterst\u00fctzung, um die Herausforderungen des Schriftspracherwerbs erfolgreich zu meistern.<\/p>","protected":false},"excerpt":{"rendered":"<p>Waldlesen ist bei unsere Kinder sehr beliebt. Lesen ist eine komplexe kognitive F\u00e4higkeit, deren Erwerb nicht selbstverst\u00e4ndlich ist. Kinder brauchen deshalb p\u00e4dagogische Unterst\u00fctzung, um die Herausforderungen des Schriftspracherwerbs erfolgreich zu meistern.<\/p>","protected":false},"author":2,"featured_media":6627,"comment_status":"closed","ping_status":"closed","sticky":false,"template":"","format":"gallery","meta":{"footnotes":""},"categories":[520],"tags":[],"class_list":["post-6778","post","type-post","status-publish","format-gallery","has-post-thumbnail","hentry","category-waldkinderkrippe-blog","post_format-post-format-gallery"],"_links":{"self":[{"href":"https:\/\/kitabluemli.ch\/en\/wp-json\/wp\/v2\/posts\/6778","targetHints":{"allow":["GET"]}}],"collection":[{"href":"https:\/\/kitabluemli.ch\/en\/wp-json\/wp\/v2\/posts"}],"about":[{"href":"https:\/\/kitabluemli.ch\/en\/wp-json\/wp\/v2\/types\/post"}],"author":[{"embeddable":true,"href":"https:\/\/kitabluemli.ch\/en\/wp-json\/wp\/v2\/users\/2"}],"replies":[{"embeddable":true,"href":"https:\/\/kitabluemli.ch\/en\/wp-json\/wp\/v2\/comments?post=6778"}],"version-history":[{"count":0,"href":"https:\/\/kitabluemli.ch\/en\/wp-json\/wp\/v2\/posts\/6778\/revisions"}],"wp:featuredmedia":[{"embeddable":true,"href":"https:\/\/kitabluemli.ch\/en\/wp-json\/wp\/v2\/media\/6627"}],"wp:attachment":[{"href":"https:\/\/kitabluemli.ch\/en\/wp-json\/wp\/v2\/media?parent=6778"}],"wp:term":[{"taxonomy":"category","embeddable":true,"href":"https:\/\/kitabluemli.ch\/en\/wp-json\/wp\/v2\/categories?post=6778"},{"taxonomy":"post_tag","embeddable":true,"href":"https:\/\/kitabluemli.ch\/en\/wp-json\/wp\/v2\/tags?post=6778"}],"curies":[{"name":"wp","href":"https:\/\/api.w.org\/{rel}","templated":true}]}}