{"id":6785,"date":"2018-07-25T08:00:37","date_gmt":"2018-07-25T06:00:37","guid":{"rendered":"https:\/\/eager-austin.188-34-163-140.plesk.page\/?p=6785"},"modified":"2024-12-14T11:22:03","modified_gmt":"2024-12-14T10:22:03","slug":"waldbach","status":"publish","type":"post","link":"https:\/\/kitabluemli.ch\/en\/waldbach\/","title":{"rendered":"Waldbach"},"content":{"rendered":"<div id='gallery-1' class='gallery galleryid-6785 gallery-columns-3 gallery-size-thumbnail'><figure class='gallery-item'>\n\t\t\t<div class='gallery-icon landscape'>\n\t\t\t\t<a href='https:\/\/kitabluemli.ch\/en\/waldbach-02\/'><img decoding=\"async\" width=\"150\" height=\"150\" src=\"https:\/\/kitabluemli.ch\/wp-content\/uploads\/2018\/06\/waldbach-02-150x150.jpg\" class=\"attachment-thumbnail size-thumbnail\" alt=\"Waldbach\" title=\"\"><\/a>\n\t\t\t<\/div><\/figure>\n\t\t<\/div>\n\n<p>Wer mit Kindern an einem Bach Rast macht wird schnell merken, wie faszinierend das Wasser ist. Nahezu magisch werden die Kleinen vom Wasser angezogen und spielen in k\u00fcrzester Zeit am Bach, oder im Bach je nach Wetter. Unsere <a href=\"https:\/\/kitabluemli.ch\/en\/\">Waldkinder<\/a> bekommen diese M\u00f6glichkeit t\u00e4glich.<\/p>","protected":false},"excerpt":{"rendered":"<p>Wer mit Kindern an einem Bach Rast macht wird schnell merken, wie faszinierend das Wasser ist. Nahezu magisch werden die Kleinen vom Wasser angezogen und spielen in k\u00fcrzester Zeit am Bach, oder im Bach je nach Wetter. Unsere Waldkinder bekommen diese M\u00f6glichkeit t\u00e4glich.<\/p>","protected":false},"author":2,"featured_media":6621,"comment_status":"closed","ping_status":"closed","sticky":false,"template":"","format":"gallery","meta":{"footnotes":""},"categories":[520],"tags":[],"class_list":["post-6785","post","type-post","status-publish","format-gallery","has-post-thumbnail","hentry","category-waldkinderkrippe-blog","post_format-post-format-gallery"],"_links":{"self":[{"href":"https:\/\/kitabluemli.ch\/en\/wp-json\/wp\/v2\/posts\/6785","targetHints":{"allow":["GET"]}}],"collection":[{"href":"https:\/\/kitabluemli.ch\/en\/wp-json\/wp\/v2\/posts"}],"about":[{"href":"https:\/\/kitabluemli.ch\/en\/wp-json\/wp\/v2\/types\/post"}],"author":[{"embeddable":true,"href":"https:\/\/kitabluemli.ch\/en\/wp-json\/wp\/v2\/users\/2"}],"replies":[{"embeddable":true,"href":"https:\/\/kitabluemli.ch\/en\/wp-json\/wp\/v2\/comments?post=6785"}],"version-history":[{"count":0,"href":"https:\/\/kitabluemli.ch\/en\/wp-json\/wp\/v2\/posts\/6785\/revisions"}],"wp:featuredmedia":[{"embeddable":true,"href":"https:\/\/kitabluemli.ch\/en\/wp-json\/wp\/v2\/media\/6621"}],"wp:attachment":[{"href":"https:\/\/kitabluemli.ch\/en\/wp-json\/wp\/v2\/media?parent=6785"}],"wp:term":[{"taxonomy":"category","embeddable":true,"href":"https:\/\/kitabluemli.ch\/en\/wp-json\/wp\/v2\/categories?post=6785"},{"taxonomy":"post_tag","embeddable":true,"href":"https:\/\/kitabluemli.ch\/en\/wp-json\/wp\/v2\/tags?post=6785"}],"curies":[{"name":"wp","href":"https:\/\/api.w.org\/{rel}","templated":true}]}}