{"id":6819,"date":"2018-07-29T20:00:36","date_gmt":"2018-07-29T18:00:36","guid":{"rendered":"https:\/\/eager-austin.188-34-163-140.plesk.page\/?p=6819"},"modified":"2018-07-29T20:00:36","modified_gmt":"2018-07-29T18:00:36","slug":"zoo-zuerich","status":"publish","type":"post","link":"https:\/\/kitabluemli.ch\/en\/zoo-zuerich\/","title":{"rendered":"Zoo Z\u00fcrich"},"content":{"rendered":"<div id='gallery-1' class='gallery galleryid-6819 gallery-columns-3 gallery-size-thumbnail'><figure class='gallery-item'>\n\t\t\t<div class='gallery-icon landscape'>\n\t\t\t\t<a href='https:\/\/kitabluemli.ch\/en\/zoo-05\/'><img decoding=\"async\" width=\"150\" height=\"150\" src=\"https:\/\/kitabluemli.ch\/wp-content\/uploads\/2018\/07\/zoo-05-150x150.jpg\" class=\"attachment-thumbnail size-thumbnail\" alt=\"zoo\" title=\"\"><\/a>\n\t\t\t<\/div><\/figure>\n\t\t<\/div>\n\n<p>Das ist bereits der zweite Besuch im Zoo Z\u00fcrich f\u00fcr diese Jahr, denn so ein Besuch ist f\u00fcr alle Beteiligten, auch f\u00fcr die Erzieherinnen, mit viel Spass und Freude verbunden.\u00a0Einem Tier unmittelbar gegen\u00fcber zu stehen, es aus der N\u00e4he zu betrachten und dabei alles genau sehen und eventuell auch h\u00f6ren und riechen zu k\u00f6nnen, das ist ein unvergessliches Erlebnis f\u00fcr jedes Kind.<\/p>","protected":false},"excerpt":{"rendered":"<p>Das ist bereits der zweite Besuch im Zoo Z\u00fcrich f\u00fcr diese Jahr, denn so ein Besuch ist f\u00fcr alle Beteiligten, auch f\u00fcr die Erzieherinnen, mit viel Spass und Freude verbunden.\u00a0Einem Tier unmittelbar gegen\u00fcber zu stehen, es aus der N\u00e4he zu betrachten und dabei alles genau sehen und eventuell auch h\u00f6ren und riechen zu k\u00f6nnen, das [&hellip;]<\/p>\n","protected":false},"author":2,"featured_media":6814,"comment_status":"closed","ping_status":"closed","sticky":false,"template":"","format":"gallery","meta":{"footnotes":""},"categories":[519],"tags":[],"class_list":["post-6819","post","type-post","status-publish","format-gallery","has-post-thumbnail","hentry","category-kinderkrippe-blog","post_format-post-format-gallery"],"_links":{"self":[{"href":"https:\/\/kitabluemli.ch\/en\/wp-json\/wp\/v2\/posts\/6819","targetHints":{"allow":["GET"]}}],"collection":[{"href":"https:\/\/kitabluemli.ch\/en\/wp-json\/wp\/v2\/posts"}],"about":[{"href":"https:\/\/kitabluemli.ch\/en\/wp-json\/wp\/v2\/types\/post"}],"author":[{"embeddable":true,"href":"https:\/\/kitabluemli.ch\/en\/wp-json\/wp\/v2\/users\/2"}],"replies":[{"embeddable":true,"href":"https:\/\/kitabluemli.ch\/en\/wp-json\/wp\/v2\/comments?post=6819"}],"version-history":[{"count":0,"href":"https:\/\/kitabluemli.ch\/en\/wp-json\/wp\/v2\/posts\/6819\/revisions"}],"wp:featuredmedia":[{"embeddable":true,"href":"https:\/\/kitabluemli.ch\/en\/wp-json\/wp\/v2\/media\/6814"}],"wp:attachment":[{"href":"https:\/\/kitabluemli.ch\/en\/wp-json\/wp\/v2\/media?parent=6819"}],"wp:term":[{"taxonomy":"category","embeddable":true,"href":"https:\/\/kitabluemli.ch\/en\/wp-json\/wp\/v2\/categories?post=6819"},{"taxonomy":"post_tag","embeddable":true,"href":"https:\/\/kitabluemli.ch\/en\/wp-json\/wp\/v2\/tags?post=6819"}],"curies":[{"name":"wp","href":"https:\/\/api.w.org\/{rel}","templated":true}]}}