{"id":6852,"date":"2018-08-01T08:00:09","date_gmt":"2018-08-01T06:00:09","guid":{"rendered":"https:\/\/eager-austin.188-34-163-140.plesk.page\/?p=6852"},"modified":"2018-08-01T08:00:09","modified_gmt":"2018-08-01T06:00:09","slug":"1-august-2018","status":"publish","type":"post","link":"https:\/\/kitabluemli.ch\/en\/1-august-2018\/","title":{"rendered":"1. August 2018"},"content":{"rendered":"<p>Betreffend 1. August \u2013 \u201eBundesfeiertag\u201c bleibt unsere Kinderkrippe und Waldkinderkrippe heute, Mittwoch 1. August 2018, den ganzen tag geschlossen.\u00a0Ab morgen sind wir wie gewohnt wieder ge\u00f6ffnet. Wir w\u00fcnschen allen einen sch\u00f6nen Bundesfeier-Tag,\u00a0das KiTa Bl\u00fcemli Team.<\/p>","protected":false},"excerpt":{"rendered":"<p>Betreffend 1. August \u2013 \u201eBundesfeiertag\u201c bleibt unsere Kinderkrippe und Waldkinderkrippe heute, Mittwoch 1. August 2018, den ganzen tag geschlossen.\u00a0Ab morgen sind wir wie gewohnt wieder ge\u00f6ffnet. Wir w\u00fcnschen allen einen sch\u00f6nen Bundesfeier-Tag,\u00a0das KiTa Bl\u00fcemli Team.<\/p>","protected":false},"author":2,"featured_media":6853,"comment_status":"closed","ping_status":"closed","sticky":false,"template":"","format":"standard","meta":{"footnotes":""},"categories":[1,519,520],"tags":[],"class_list":["post-6852","post","type-post","status-publish","format-standard","has-post-thumbnail","hentry","category-allgemein-blog","category-kinderkrippe-blog","category-waldkinderkrippe-blog"],"_links":{"self":[{"href":"https:\/\/kitabluemli.ch\/en\/wp-json\/wp\/v2\/posts\/6852","targetHints":{"allow":["GET"]}}],"collection":[{"href":"https:\/\/kitabluemli.ch\/en\/wp-json\/wp\/v2\/posts"}],"about":[{"href":"https:\/\/kitabluemli.ch\/en\/wp-json\/wp\/v2\/types\/post"}],"author":[{"embeddable":true,"href":"https:\/\/kitabluemli.ch\/en\/wp-json\/wp\/v2\/users\/2"}],"replies":[{"embeddable":true,"href":"https:\/\/kitabluemli.ch\/en\/wp-json\/wp\/v2\/comments?post=6852"}],"version-history":[{"count":0,"href":"https:\/\/kitabluemli.ch\/en\/wp-json\/wp\/v2\/posts\/6852\/revisions"}],"wp:featuredmedia":[{"embeddable":true,"href":"https:\/\/kitabluemli.ch\/en\/wp-json\/wp\/v2\/media\/6853"}],"wp:attachment":[{"href":"https:\/\/kitabluemli.ch\/en\/wp-json\/wp\/v2\/media?parent=6852"}],"wp:term":[{"taxonomy":"category","embeddable":true,"href":"https:\/\/kitabluemli.ch\/en\/wp-json\/wp\/v2\/categories?post=6852"},{"taxonomy":"post_tag","embeddable":true,"href":"https:\/\/kitabluemli.ch\/en\/wp-json\/wp\/v2\/tags?post=6852"}],"curies":[{"name":"wp","href":"https:\/\/api.w.org\/{rel}","templated":true}]}}