{"id":6859,"date":"2018-07-31T18:00:35","date_gmt":"2018-07-31T16:00:35","guid":{"rendered":"https:\/\/eager-austin.188-34-163-140.plesk.page\/?p=6859"},"modified":"2018-07-31T18:00:35","modified_gmt":"2018-07-31T16:00:35","slug":"anhaltende-trockenheit","status":"publish","type":"post","link":"https:\/\/kitabluemli.ch\/en\/anhaltende-trockenheit\/","title":{"rendered":"Anhaltende Trockenheit"},"content":{"rendered":"<div id='gallery-1' class='gallery galleryid-6859 gallery-columns-3 gallery-size-thumbnail'><figure class='gallery-item'>\n\t\t\t<div class='gallery-icon landscape'>\n\t\t\t\t<a href='https:\/\/kitabluemli.ch\/en\/anhaltende-trockenhei-02\/'><img decoding=\"async\" width=\"150\" height=\"150\" src=\"https:\/\/kitabluemli.ch\/wp-content\/uploads\/2018\/07\/anhaltende-trockenhei-02-150x150.jpg\" class=\"attachment-thumbnail size-thumbnail\" alt=\"Anhaltende Trockenheit\" title=\"\"><\/a>\n\t\t\t<\/div><\/figure>\n\t\t<\/div>\n\n<p>Anhaltende Trockenheit &#8211; Die seit l\u00e4ngerem andauernde niederschlagsfreie Periode verbunden mit anhaltend warmen Temperaturen f\u00fchrt zu einer sehr grossen Trockenheit, auch wir sind uns das bewusst und erkl\u00e4ren es den Kinder ganz genau und achten jedesmal das die Glut und das Feuer vor dem Weggehen vollst\u00e4ndig gel\u00f6scht ist.<\/p>","protected":false},"excerpt":{"rendered":"<p>Anhaltende Trockenheit &#8211; Die seit l\u00e4ngerem andauernde niederschlagsfreie Periode verbunden mit anhaltend warmen Temperaturen f\u00fchrt zu einer sehr grossen Trockenheit, auch wir sind uns das bewusst und erkl\u00e4ren es den Kinder ganz genau und achten jedesmal das die Glut und das Feuer vor dem Weggehen vollst\u00e4ndig gel\u00f6scht ist.<\/p>","protected":false},"author":2,"featured_media":6850,"comment_status":"closed","ping_status":"closed","sticky":false,"template":"","format":"gallery","meta":{"footnotes":""},"categories":[520],"tags":[],"class_list":["post-6859","post","type-post","status-publish","format-gallery","has-post-thumbnail","hentry","category-waldkinderkrippe-blog","post_format-post-format-gallery"],"_links":{"self":[{"href":"https:\/\/kitabluemli.ch\/en\/wp-json\/wp\/v2\/posts\/6859","targetHints":{"allow":["GET"]}}],"collection":[{"href":"https:\/\/kitabluemli.ch\/en\/wp-json\/wp\/v2\/posts"}],"about":[{"href":"https:\/\/kitabluemli.ch\/en\/wp-json\/wp\/v2\/types\/post"}],"author":[{"embeddable":true,"href":"https:\/\/kitabluemli.ch\/en\/wp-json\/wp\/v2\/users\/2"}],"replies":[{"embeddable":true,"href":"https:\/\/kitabluemli.ch\/en\/wp-json\/wp\/v2\/comments?post=6859"}],"version-history":[{"count":0,"href":"https:\/\/kitabluemli.ch\/en\/wp-json\/wp\/v2\/posts\/6859\/revisions"}],"wp:featuredmedia":[{"embeddable":true,"href":"https:\/\/kitabluemli.ch\/en\/wp-json\/wp\/v2\/media\/6850"}],"wp:attachment":[{"href":"https:\/\/kitabluemli.ch\/en\/wp-json\/wp\/v2\/media?parent=6859"}],"wp:term":[{"taxonomy":"category","embeddable":true,"href":"https:\/\/kitabluemli.ch\/en\/wp-json\/wp\/v2\/categories?post=6859"},{"taxonomy":"post_tag","embeddable":true,"href":"https:\/\/kitabluemli.ch\/en\/wp-json\/wp\/v2\/tags?post=6859"}],"curies":[{"name":"wp","href":"https:\/\/api.w.org\/{rel}","templated":true}]}}