{"id":6870,"date":"2018-08-04T18:00:02","date_gmt":"2018-08-04T16:00:02","guid":{"rendered":"https:\/\/eager-austin.188-34-163-140.plesk.page\/?p=6870"},"modified":"2018-08-04T18:00:02","modified_gmt":"2018-08-04T16:00:02","slug":"hitzetage","status":"publish","type":"post","link":"https:\/\/kitabluemli.ch\/en\/hitzetage\/","title":{"rendered":"Hitzetage"},"content":{"rendered":"<div id='gallery-1' class='gallery galleryid-6870 gallery-columns-3 gallery-size-thumbnail'><figure class='gallery-item'>\n\t\t\t<div class='gallery-icon landscape'>\n\t\t\t\t<a href='https:\/\/kitabluemli.ch\/en\/hitzetage-03\/'><img decoding=\"async\" width=\"150\" height=\"150\" src=\"https:\/\/kitabluemli.ch\/wp-content\/uploads\/2018\/07\/hitzetage-03-150x150.jpg\" class=\"attachment-thumbnail size-thumbnail\" alt=\"Hitzetage\" title=\"\"><\/a>\n\t\t\t<\/div><\/figure>\n\t\t<\/div>\n\n<p>Hitzetage in der KiTa &#8211; Auch unsere Kinder sp\u00fcren die Hitze der letzten Tage und Wochen&#8230; es muss Abk\u00fchlung her! Was gibt es besseres als die F\u00fcsse im frischen Bachwasser zu k\u00fchlen? Unbezahlbar!<\/p>","protected":false},"excerpt":{"rendered":"<p>Hitzetage in der KiTa &#8211; Auch unsere Kinder sp\u00fcren die Hitze der letzten Tage und Wochen&#8230; es muss Abk\u00fchlung her! Was gibt es besseres als die F\u00fcsse im frischen Bachwasser zu k\u00fchlen? Unbezahlbar!<\/p>","protected":false},"author":2,"featured_media":6829,"comment_status":"closed","ping_status":"closed","sticky":false,"template":"","format":"gallery","meta":{"footnotes":""},"categories":[519,520],"tags":[],"class_list":["post-6870","post","type-post","status-publish","format-gallery","has-post-thumbnail","hentry","category-kinderkrippe-blog","category-waldkinderkrippe-blog","post_format-post-format-gallery"],"_links":{"self":[{"href":"https:\/\/kitabluemli.ch\/en\/wp-json\/wp\/v2\/posts\/6870","targetHints":{"allow":["GET"]}}],"collection":[{"href":"https:\/\/kitabluemli.ch\/en\/wp-json\/wp\/v2\/posts"}],"about":[{"href":"https:\/\/kitabluemli.ch\/en\/wp-json\/wp\/v2\/types\/post"}],"author":[{"embeddable":true,"href":"https:\/\/kitabluemli.ch\/en\/wp-json\/wp\/v2\/users\/2"}],"replies":[{"embeddable":true,"href":"https:\/\/kitabluemli.ch\/en\/wp-json\/wp\/v2\/comments?post=6870"}],"version-history":[{"count":0,"href":"https:\/\/kitabluemli.ch\/en\/wp-json\/wp\/v2\/posts\/6870\/revisions"}],"wp:featuredmedia":[{"embeddable":true,"href":"https:\/\/kitabluemli.ch\/en\/wp-json\/wp\/v2\/media\/6829"}],"wp:attachment":[{"href":"https:\/\/kitabluemli.ch\/en\/wp-json\/wp\/v2\/media?parent=6870"}],"wp:term":[{"taxonomy":"category","embeddable":true,"href":"https:\/\/kitabluemli.ch\/en\/wp-json\/wp\/v2\/categories?post=6870"},{"taxonomy":"post_tag","embeddable":true,"href":"https:\/\/kitabluemli.ch\/en\/wp-json\/wp\/v2\/tags?post=6870"}],"curies":[{"name":"wp","href":"https:\/\/api.w.org\/{rel}","templated":true}]}}