{"id":6960,"date":"2018-08-20T10:20:55","date_gmt":"2018-08-20T08:20:55","guid":{"rendered":"https:\/\/eager-austin.188-34-163-140.plesk.page\/?p=6960"},"modified":"2024-12-14T11:21:48","modified_gmt":"2024-12-14T10:21:48","slug":"bio-mahlzeiten","status":"publish","type":"post","link":"https:\/\/kitabluemli.ch\/en\/bio-mahlzeiten\/","title":{"rendered":"Bio Mahlzeiten"},"content":{"rendered":"<p class=\"p1\">Ab sofort werden alle unsere Mahlzeiten soweit m\u00f6glich ausschliesslich mit Bio Produkten zubereitet.\u00a0Wir legen Wert auf beste Qualit\u00e4t und sorgen so f\u00fcr eine frische und gesunde Ern\u00e4hrung.<\/p>\n<p class=\"p1\">Wo immer m\u00f6glich, verwenden wir nur, was in der Jahreszeit gerade w\u00e4chst und deshalb gut schmeckt. Wir kochen alles t\u00e4glich frisch und ausgewogen mit m\u00f6glichst wenig Salz und Zucker. Jeden Tag gibt es frische saisonale Gem\u00fcse und Fr\u00fcchte,\u00a0Fleisch und Fisch gibt es je ein mal pro Woche. Lebensmittelunvertr\u00e4glichkeiten sowie spezielle W\u00fcnsche werden ber\u00fccksichtigt.<\/p>\n<p class=\"p1\">&#8212;&gt; Unser <a href=\"https:\/\/kitabluemli.ch\/en\/\">Wochen-Men\u00fcplan<\/a> findet Ihr auf unsere Homepage jeweils ab Sonntag vor Wochenbeginn.<\/p>","protected":false},"excerpt":{"rendered":"<p>Ab sofort werden alle unsere Mahlzeiten soweit m\u00f6glich ausschliesslich mit Bio Produkten zubereitet.\u00a0Wir legen Wert auf beste Qualit\u00e4t und sorgen so f\u00fcr eine frische und gesunde Ern\u00e4hrung. Wo immer m\u00f6glich, verwenden wir nur, was in der Jahreszeit gerade w\u00e4chst und deshalb gut schmeckt. Wir kochen alles t\u00e4glich frisch und ausgewogen mit m\u00f6glichst wenig Salz und [&hellip;]<\/p>\n","protected":false},"author":2,"featured_media":6961,"comment_status":"closed","ping_status":"closed","sticky":false,"template":"","format":"standard","meta":{"footnotes":""},"categories":[1,519,520],"tags":[],"class_list":["post-6960","post","type-post","status-publish","format-standard","has-post-thumbnail","hentry","category-allgemein-blog","category-kinderkrippe-blog","category-waldkinderkrippe-blog"],"_links":{"self":[{"href":"https:\/\/kitabluemli.ch\/en\/wp-json\/wp\/v2\/posts\/6960","targetHints":{"allow":["GET"]}}],"collection":[{"href":"https:\/\/kitabluemli.ch\/en\/wp-json\/wp\/v2\/posts"}],"about":[{"href":"https:\/\/kitabluemli.ch\/en\/wp-json\/wp\/v2\/types\/post"}],"author":[{"embeddable":true,"href":"https:\/\/kitabluemli.ch\/en\/wp-json\/wp\/v2\/users\/2"}],"replies":[{"embeddable":true,"href":"https:\/\/kitabluemli.ch\/en\/wp-json\/wp\/v2\/comments?post=6960"}],"version-history":[{"count":0,"href":"https:\/\/kitabluemli.ch\/en\/wp-json\/wp\/v2\/posts\/6960\/revisions"}],"wp:featuredmedia":[{"embeddable":true,"href":"https:\/\/kitabluemli.ch\/en\/wp-json\/wp\/v2\/media\/6961"}],"wp:attachment":[{"href":"https:\/\/kitabluemli.ch\/en\/wp-json\/wp\/v2\/media?parent=6960"}],"wp:term":[{"taxonomy":"category","embeddable":true,"href":"https:\/\/kitabluemli.ch\/en\/wp-json\/wp\/v2\/categories?post=6960"},{"taxonomy":"post_tag","embeddable":true,"href":"https:\/\/kitabluemli.ch\/en\/wp-json\/wp\/v2\/tags?post=6960"}],"curies":[{"name":"wp","href":"https:\/\/api.w.org\/{rel}","templated":true}]}}