{"id":7028,"date":"2018-08-26T20:00:22","date_gmt":"2018-08-26T18:00:22","guid":{"rendered":"https:\/\/eager-austin.188-34-163-140.plesk.page\/?p=7028"},"modified":"2025-01-03T14:55:01","modified_gmt":"2025-01-03T13:55:01","slug":"muesli-feine-bio-mahlzeiten","status":"publish","type":"post","link":"https:\/\/kitabluemli.ch\/en\/muesli-feine-bio-mahlzeiten\/","title":{"rendered":"M\u00fcsli &#8211; feine Bio Mahlzeiten"},"content":{"rendered":"<p>Was f\u00fcr ein feines M\u00fcsli mit frische Fr\u00fcchte und weil es einfach besser schmeckt verwenden wir f\u00fcr unser M\u00fcesli ausschliesslich Bio-Zutaten.<\/p>\n<p class=\"p1\">Seit letzter Woche werden alle unsere Mahlzeiten soweit m\u00f6glich ausschliesslich mit Bio Produkten zubereitet.\u00a0Wir legen Wert auf beste Qualit\u00e4t und sorgen so f\u00fcr eine frische und gesunde Ern\u00e4hrung. Wo immer m\u00f6glich, verwenden wir nur, was in der Jahreszeit gerade w\u00e4chst und deshalb gut schmeckt. Wir kochen alles t\u00e4glich frisch und ausgewogen mit m\u00f6glichst wenig Salz und Zucker. Jeden Tag gibt es frische saisonale Gem\u00fcse und Fr\u00fcchte,\u00a0Fleisch und Fisch gibt es je ein mal pro Woche. Lebensmittelunvertr\u00e4glichkeiten sowie spezielle W\u00fcnsche werden ber\u00fccksichtigt.<\/p>","protected":false},"excerpt":{"rendered":"<p>Was f\u00fcr ein feines M\u00fcsli mit frische Fr\u00fcchte und weil es einfach besser schmeckt verwenden wir f\u00fcr unser M\u00fcesli ausschliesslich Bio-Zutaten. Seit letzter Woche werden alle unsere Mahlzeiten soweit m\u00f6glich ausschliesslich mit Bio Produkten zubereitet.\u00a0Wir legen Wert auf beste Qualit\u00e4t und sorgen so f\u00fcr eine frische und gesunde Ern\u00e4hrung. Wo immer m\u00f6glich, verwenden wir nur, [&hellip;]<\/p>\n","protected":false},"author":2,"featured_media":7009,"comment_status":"closed","ping_status":"closed","sticky":false,"template":"","format":"standard","meta":{"footnotes":""},"categories":[1,519,520],"tags":[],"class_list":["post-7028","post","type-post","status-publish","format-standard","has-post-thumbnail","hentry","category-allgemein-blog","category-kinderkrippe-blog","category-waldkinderkrippe-blog"],"_links":{"self":[{"href":"https:\/\/kitabluemli.ch\/en\/wp-json\/wp\/v2\/posts\/7028","targetHints":{"allow":["GET"]}}],"collection":[{"href":"https:\/\/kitabluemli.ch\/en\/wp-json\/wp\/v2\/posts"}],"about":[{"href":"https:\/\/kitabluemli.ch\/en\/wp-json\/wp\/v2\/types\/post"}],"author":[{"embeddable":true,"href":"https:\/\/kitabluemli.ch\/en\/wp-json\/wp\/v2\/users\/2"}],"replies":[{"embeddable":true,"href":"https:\/\/kitabluemli.ch\/en\/wp-json\/wp\/v2\/comments?post=7028"}],"version-history":[{"count":0,"href":"https:\/\/kitabluemli.ch\/en\/wp-json\/wp\/v2\/posts\/7028\/revisions"}],"wp:featuredmedia":[{"embeddable":true,"href":"https:\/\/kitabluemli.ch\/en\/wp-json\/wp\/v2\/media\/7009"}],"wp:attachment":[{"href":"https:\/\/kitabluemli.ch\/en\/wp-json\/wp\/v2\/media?parent=7028"}],"wp:term":[{"taxonomy":"category","embeddable":true,"href":"https:\/\/kitabluemli.ch\/en\/wp-json\/wp\/v2\/categories?post=7028"},{"taxonomy":"post_tag","embeddable":true,"href":"https:\/\/kitabluemli.ch\/en\/wp-json\/wp\/v2\/tags?post=7028"}],"curies":[{"name":"wp","href":"https:\/\/api.w.org\/{rel}","templated":true}]}}