{"id":7036,"date":"2018-08-30T17:00:41","date_gmt":"2018-08-30T15:00:41","guid":{"rendered":"https:\/\/eager-austin.188-34-163-140.plesk.page\/?p=7036"},"modified":"2018-08-30T17:00:41","modified_gmt":"2018-08-30T15:00:41","slug":"spass-im-zoo-zuerich","status":"publish","type":"post","link":"https:\/\/kitabluemli.ch\/en\/spass-im-zoo-zuerich\/","title":{"rendered":"Spass im Zoo Z\u00fcrich"},"content":{"rendered":"<div id='gallery-1' class='gallery galleryid-7036 gallery-columns-3 gallery-size-thumbnail'><figure class='gallery-item'>\n\t\t\t<div class='gallery-icon portrait'>\n\t\t\t\t<a href='https:\/\/kitabluemli.ch\/en\/zoo-04\/'><img decoding=\"async\" width=\"150\" height=\"150\" src=\"https:\/\/kitabluemli.ch\/wp-content\/uploads\/2018\/08\/zoo-04-150x150.jpg\" class=\"attachment-thumbnail size-thumbnail\" alt=\"zoo\" title=\"\"><\/a>\n\t\t\t<\/div><\/figure>\n\t\t<\/div>\n\n<p>Der <a href=\"https:\/\/www.zoo.ch\/\" target=\"_blank\" rel=\"noopener\">Zoo Z\u00fcrich<\/a> ist f\u00fcr unsere Kinder ein beliebtes Ausflugsziel, denn so ein Besuch ist f\u00fcr alle Beteiligten, auch f\u00fcr die Erzieherinnen, mit viel Spass und Freude verbunden.\u00a0Einem Tier unmittelbar gegen\u00fcber zu stehen, es aus der N\u00e4he zu betrachten und dabei alles genau sehen und eventuell auch h\u00f6ren und riechen zu k\u00f6nnen, das ist ein unvergessliches Erlebnis f\u00fcr jedes Kind.<\/p>","protected":false},"excerpt":{"rendered":"<p>Der Zoo Z\u00fcrich ist f\u00fcr unsere Kinder ein beliebtes Ausflugsziel, denn so ein Besuch ist f\u00fcr alle Beteiligten, auch f\u00fcr die Erzieherinnen, mit viel Spass und Freude verbunden.\u00a0Einem Tier unmittelbar gegen\u00fcber zu stehen, es aus der N\u00e4he zu betrachten und dabei alles genau sehen und eventuell auch h\u00f6ren und riechen zu k\u00f6nnen, das ist ein [&hellip;]<\/p>\n","protected":false},"author":2,"featured_media":7022,"comment_status":"closed","ping_status":"closed","sticky":false,"template":"","format":"gallery","meta":{"footnotes":""},"categories":[519,520],"tags":[],"class_list":["post-7036","post","type-post","status-publish","format-gallery","has-post-thumbnail","hentry","category-kinderkrippe-blog","category-waldkinderkrippe-blog","post_format-post-format-gallery"],"_links":{"self":[{"href":"https:\/\/kitabluemli.ch\/en\/wp-json\/wp\/v2\/posts\/7036","targetHints":{"allow":["GET"]}}],"collection":[{"href":"https:\/\/kitabluemli.ch\/en\/wp-json\/wp\/v2\/posts"}],"about":[{"href":"https:\/\/kitabluemli.ch\/en\/wp-json\/wp\/v2\/types\/post"}],"author":[{"embeddable":true,"href":"https:\/\/kitabluemli.ch\/en\/wp-json\/wp\/v2\/users\/2"}],"replies":[{"embeddable":true,"href":"https:\/\/kitabluemli.ch\/en\/wp-json\/wp\/v2\/comments?post=7036"}],"version-history":[{"count":0,"href":"https:\/\/kitabluemli.ch\/en\/wp-json\/wp\/v2\/posts\/7036\/revisions"}],"wp:featuredmedia":[{"embeddable":true,"href":"https:\/\/kitabluemli.ch\/en\/wp-json\/wp\/v2\/media\/7022"}],"wp:attachment":[{"href":"https:\/\/kitabluemli.ch\/en\/wp-json\/wp\/v2\/media?parent=7036"}],"wp:term":[{"taxonomy":"category","embeddable":true,"href":"https:\/\/kitabluemli.ch\/en\/wp-json\/wp\/v2\/categories?post=7036"},{"taxonomy":"post_tag","embeddable":true,"href":"https:\/\/kitabluemli.ch\/en\/wp-json\/wp\/v2\/tags?post=7036"}],"curies":[{"name":"wp","href":"https:\/\/api.w.org\/{rel}","templated":true}]}}