{"id":7107,"date":"2018-09-10T08:00:46","date_gmt":"2018-09-10T06:00:46","guid":{"rendered":"https:\/\/eager-austin.188-34-163-140.plesk.page\/?p=7107"},"modified":"2018-09-10T08:00:46","modified_gmt":"2018-09-10T06:00:46","slug":"knabenschiessen-2018","status":"publish","type":"post","link":"https:\/\/kitabluemli.ch\/en\/knabenschiessen-2018\/","title":{"rendered":"Knabenschiessen 2018"},"content":{"rendered":"<p>Heute Montag, 10. September 2018 findet das Z\u00fcrcher Knabenschiessen statt. Daher sind unsere Kinderkrippen ab 12:00 Uhr geschlossen.\u00a0 Ab morgen sind wir wie gewohnt wieder ge\u00f6ffnet.<\/p>\n<p>Wir w\u00fcnschen allen einen sch\u00f6nen nachmittag beim Fest,\u00a0das KiTa Bl\u00fcemli Team.<\/p>","protected":false},"excerpt":{"rendered":"<p>Heute Montag, 10. September 2018 findet das Z\u00fcrcher Knabenschiessen statt. Daher sind unsere Kinderkrippen ab 12:00 Uhr geschlossen.\u00a0 Ab morgen sind wir wie gewohnt wieder ge\u00f6ffnet. Wir w\u00fcnschen allen einen sch\u00f6nen nachmittag beim Fest,\u00a0das KiTa Bl\u00fcemli Team.<\/p>","protected":false},"author":2,"featured_media":7110,"comment_status":"closed","ping_status":"closed","sticky":false,"template":"","format":"standard","meta":{"footnotes":""},"categories":[1,519,520],"tags":[],"class_list":["post-7107","post","type-post","status-publish","format-standard","has-post-thumbnail","hentry","category-allgemein-blog","category-kinderkrippe-blog","category-waldkinderkrippe-blog"],"_links":{"self":[{"href":"https:\/\/kitabluemli.ch\/en\/wp-json\/wp\/v2\/posts\/7107","targetHints":{"allow":["GET"]}}],"collection":[{"href":"https:\/\/kitabluemli.ch\/en\/wp-json\/wp\/v2\/posts"}],"about":[{"href":"https:\/\/kitabluemli.ch\/en\/wp-json\/wp\/v2\/types\/post"}],"author":[{"embeddable":true,"href":"https:\/\/kitabluemli.ch\/en\/wp-json\/wp\/v2\/users\/2"}],"replies":[{"embeddable":true,"href":"https:\/\/kitabluemli.ch\/en\/wp-json\/wp\/v2\/comments?post=7107"}],"version-history":[{"count":0,"href":"https:\/\/kitabluemli.ch\/en\/wp-json\/wp\/v2\/posts\/7107\/revisions"}],"wp:featuredmedia":[{"embeddable":true,"href":"https:\/\/kitabluemli.ch\/en\/wp-json\/wp\/v2\/media\/7110"}],"wp:attachment":[{"href":"https:\/\/kitabluemli.ch\/en\/wp-json\/wp\/v2\/media?parent=7107"}],"wp:term":[{"taxonomy":"category","embeddable":true,"href":"https:\/\/kitabluemli.ch\/en\/wp-json\/wp\/v2\/categories?post=7107"},{"taxonomy":"post_tag","embeddable":true,"href":"https:\/\/kitabluemli.ch\/en\/wp-json\/wp\/v2\/tags?post=7107"}],"curies":[{"name":"wp","href":"https:\/\/api.w.org\/{rel}","templated":true}]}}