{"id":7168,"date":"2018-09-22T20:00:07","date_gmt":"2018-09-22T18:00:07","guid":{"rendered":"https:\/\/eager-austin.188-34-163-140.plesk.page\/?p=7168"},"modified":"2018-09-22T20:00:07","modified_gmt":"2018-09-22T18:00:07","slug":"spu%cc%88ren-fu%cc%88hlen-riechen","status":"publish","type":"post","link":"https:\/\/kitabluemli.ch\/en\/spu%cc%88ren-fu%cc%88hlen-riechen\/","title":{"rendered":"Spu\u0308ren, fu\u0308hlen, riechen"},"content":{"rendered":"<div id='gallery-1' class='gallery galleryid-7168 gallery-columns-3 gallery-size-thumbnail'><figure class='gallery-item'>\n\t\t\t<div class='gallery-icon portrait'>\n\t\t\t\t<a href='https:\/\/kitabluemli.ch\/en\/spueren-fuehlen-riechen-01\/'><img decoding=\"async\" width=\"150\" height=\"150\" src=\"https:\/\/kitabluemli.ch\/wp-content\/uploads\/2018\/09\/spueren-fuehlen-riechen-01-150x150.jpg\" class=\"attachment-thumbnail size-thumbnail\" alt=\"spu\u0308ren fu\u0308hlen riechen\" title=\"\"><\/a>\n\t\t\t<\/div><\/figure>\n\t\t<\/div>\n\n<p>Spu\u0308ren, fu\u0308hlen, riechen &#8211; Wahrnehmung bedeutet, etwas mit den Sinnen zu erfassen und zu verstehen. Was Kinder sehen, h\u00f6ren und f\u00fchlen, verbindet sich zu einem Ganzen, das in gleichem Masse aufgearbeitet und interpretiert werden kann, wie Erfahrungen das Kind gelehrt haben, Sinneseindr\u00fccke zu verstehen. Wahrnehmungsverm\u00f6gen bedeutet nicht, dass Menschen gut sehen, h\u00f6ren und f\u00fchlen k\u00f6nnen. Wahrnehmungsverm\u00f6gen ist die F\u00e4higkeit, Sinneseindr\u00fccke zu deuten. Dieser Vorgang findet im Gehirn statt. Um sich zu entwickeln, ist die Interaktion zwischen motorischen Aktivit\u00e4ten und den verschiedenen Wahrnehmungsbereichen notwendig. Dies geschieht am besten, wenn Kinder spielen, ihre Umgebung erforschen und Zusammenh\u00e4nge verstehen wollen. Quelle: <a href=\"https:\/\/www.exlibris.ch\/de\/buecher-buch\/deutschsprachige-buecher\/ylva-ellneby\/die-entwicklung-der-sinne\/id\/9783784109367?gclid=Cj0KCQjw_vfcBRDJARIsAJafEnE68wcFECgmUl1dqL-pqju7ObYnb9QF8jeGpo_PGFqeP3NzRJMGHHIaAgNyEALw_wcB&amp;gclsrc=aw.ds&amp;dclid=CPC_3sHzv90CFcuA3godS_gKOA\" target=\"_blank\" rel=\"noopener\">&#171;Die\u00a0Entwicklung der Sinne&#187; &#8211;\u00a0\u00a0<span class=\"m-hover-list__toggler\">Ylva Ellneby<\/span><\/a><\/p>","protected":false},"excerpt":{"rendered":"<p>Spu\u0308ren, fu\u0308hlen, riechen &#8211; Wahrnehmung bedeutet, etwas mit den Sinnen zu erfassen und zu verstehen. Was Kinder sehen, h\u00f6ren und f\u00fchlen, verbindet sich zu einem Ganzen, das in gleichem Masse aufgearbeitet und interpretiert werden kann, wie Erfahrungen das Kind gelehrt haben, Sinneseindr\u00fccke zu verstehen. Wahrnehmungsverm\u00f6gen bedeutet nicht, dass Menschen gut sehen, h\u00f6ren und f\u00fchlen k\u00f6nnen. [&hellip;]<\/p>\n","protected":false},"author":2,"featured_media":7152,"comment_status":"closed","ping_status":"closed","sticky":false,"template":"","format":"gallery","meta":{"footnotes":""},"categories":[520],"tags":[],"class_list":["post-7168","post","type-post","status-publish","format-gallery","has-post-thumbnail","hentry","category-waldkinderkrippe-blog","post_format-post-format-gallery"],"_links":{"self":[{"href":"https:\/\/kitabluemli.ch\/en\/wp-json\/wp\/v2\/posts\/7168","targetHints":{"allow":["GET"]}}],"collection":[{"href":"https:\/\/kitabluemli.ch\/en\/wp-json\/wp\/v2\/posts"}],"about":[{"href":"https:\/\/kitabluemli.ch\/en\/wp-json\/wp\/v2\/types\/post"}],"author":[{"embeddable":true,"href":"https:\/\/kitabluemli.ch\/en\/wp-json\/wp\/v2\/users\/2"}],"replies":[{"embeddable":true,"href":"https:\/\/kitabluemli.ch\/en\/wp-json\/wp\/v2\/comments?post=7168"}],"version-history":[{"count":0,"href":"https:\/\/kitabluemli.ch\/en\/wp-json\/wp\/v2\/posts\/7168\/revisions"}],"wp:featuredmedia":[{"embeddable":true,"href":"https:\/\/kitabluemli.ch\/en\/wp-json\/wp\/v2\/media\/7152"}],"wp:attachment":[{"href":"https:\/\/kitabluemli.ch\/en\/wp-json\/wp\/v2\/media?parent=7168"}],"wp:term":[{"taxonomy":"category","embeddable":true,"href":"https:\/\/kitabluemli.ch\/en\/wp-json\/wp\/v2\/categories?post=7168"},{"taxonomy":"post_tag","embeddable":true,"href":"https:\/\/kitabluemli.ch\/en\/wp-json\/wp\/v2\/tags?post=7168"}],"curies":[{"name":"wp","href":"https:\/\/api.w.org\/{rel}","templated":true}]}}