{"id":7181,"date":"2018-09-25T08:00:27","date_gmt":"2018-09-25T06:00:27","guid":{"rendered":"https:\/\/eager-austin.188-34-163-140.plesk.page\/?p=7181"},"modified":"2018-09-25T08:00:27","modified_gmt":"2018-09-25T06:00:27","slug":"ein-tag-im-wald-2","status":"publish","type":"post","link":"https:\/\/kitabluemli.ch\/en\/ein-tag-im-wald-2\/","title":{"rendered":"Ein Tag im Wald"},"content":{"rendered":"<div id='gallery-1' class='gallery galleryid-7181 gallery-columns-3 gallery-size-thumbnail'><figure class='gallery-item'>\n\t\t\t<div class='gallery-icon landscape'>\n\t\t\t\t<a href='https:\/\/kitabluemli.ch\/en\/im-wald-02\/'><img decoding=\"async\" width=\"150\" height=\"150\" src=\"https:\/\/kitabluemli.ch\/wp-content\/uploads\/2018\/09\/im-wald-02-150x150.jpg\" class=\"attachment-thumbnail size-thumbnail\" alt=\"im wald\" title=\"\"><\/a>\n\t\t\t<\/div><\/figure>\n\t\t<\/div>\n\n<p>Wir verbringen die meiste Zeit vom Tag im Wald.\u00a0Nach dem alle Kinder bis sp\u00e4testens 9 Uhr in der Kita angekommen sind, wir unser Morgenkreis gemacht haben und uns mit einem gesunden Z\u2019n\u00fcni gest\u00e4rkt haben, machen wir uns auf dem Weg in den Wald. Dort geniessen wir die Natur in vollen Z\u00fcgen, in dem wir Dinge sammeln, entdecken, experimentieren, klettern, spielen, singen, basteln, kochen und schlafen.<\/p>","protected":false},"excerpt":{"rendered":"<p>Wir verbringen die meiste Zeit vom Tag im Wald.\u00a0Nach dem alle Kinder bis sp\u00e4testens 9 Uhr in der Kita angekommen sind, wir unser Morgenkreis gemacht haben und uns mit einem gesunden Z\u2019n\u00fcni gest\u00e4rkt haben, machen wir uns auf dem Weg in den Wald. Dort geniessen wir die Natur in vollen Z\u00fcgen, in dem wir Dinge [&hellip;]<\/p>\n","protected":false},"author":2,"featured_media":7151,"comment_status":"closed","ping_status":"closed","sticky":false,"template":"","format":"gallery","meta":{"footnotes":""},"categories":[520],"tags":[],"class_list":["post-7181","post","type-post","status-publish","format-gallery","has-post-thumbnail","hentry","category-waldkinderkrippe-blog","post_format-post-format-gallery"],"_links":{"self":[{"href":"https:\/\/kitabluemli.ch\/en\/wp-json\/wp\/v2\/posts\/7181","targetHints":{"allow":["GET"]}}],"collection":[{"href":"https:\/\/kitabluemli.ch\/en\/wp-json\/wp\/v2\/posts"}],"about":[{"href":"https:\/\/kitabluemli.ch\/en\/wp-json\/wp\/v2\/types\/post"}],"author":[{"embeddable":true,"href":"https:\/\/kitabluemli.ch\/en\/wp-json\/wp\/v2\/users\/2"}],"replies":[{"embeddable":true,"href":"https:\/\/kitabluemli.ch\/en\/wp-json\/wp\/v2\/comments?post=7181"}],"version-history":[{"count":0,"href":"https:\/\/kitabluemli.ch\/en\/wp-json\/wp\/v2\/posts\/7181\/revisions"}],"wp:featuredmedia":[{"embeddable":true,"href":"https:\/\/kitabluemli.ch\/en\/wp-json\/wp\/v2\/media\/7151"}],"wp:attachment":[{"href":"https:\/\/kitabluemli.ch\/en\/wp-json\/wp\/v2\/media?parent=7181"}],"wp:term":[{"taxonomy":"category","embeddable":true,"href":"https:\/\/kitabluemli.ch\/en\/wp-json\/wp\/v2\/categories?post=7181"},{"taxonomy":"post_tag","embeddable":true,"href":"https:\/\/kitabluemli.ch\/en\/wp-json\/wp\/v2\/tags?post=7181"}],"curies":[{"name":"wp","href":"https:\/\/api.w.org\/{rel}","templated":true}]}}