{"id":7231,"date":"2018-10-04T19:00:51","date_gmt":"2018-10-04T17:00:51","guid":{"rendered":"https:\/\/eager-austin.188-34-163-140.plesk.page\/?p=7231"},"modified":"2018-10-04T19:00:51","modified_gmt":"2018-10-04T17:00:51","slug":"laubspass-im-wald","status":"publish","type":"post","link":"https:\/\/kitabluemli.ch\/en\/laubspass-im-wald\/","title":{"rendered":"Laubspass im Wald"},"content":{"rendered":"<div id='gallery-1' class='gallery galleryid-7231 gallery-columns-3 gallery-size-thumbnail'><figure class='gallery-item'>\n\t\t\t<div class='gallery-icon landscape'>\n\t\t\t\t<a href='https:\/\/kitabluemli.ch\/en\/laubspass-im-wald-05\/'><img decoding=\"async\" width=\"150\" height=\"150\" src=\"https:\/\/kitabluemli.ch\/wp-content\/uploads\/2018\/10\/laubspass-im-wald-05-150x150.jpg\" class=\"attachment-thumbnail size-thumbnail\" alt=\"Laubspass im Wald\" title=\"\"><\/a>\n\t\t\t<\/div><\/figure>\n\t\t<\/div>\n\n<p>Laubspass im Wald &#8211;\u00a0Sich im Freien austoben, das feuchte Laub riechen, dem Knacken der trockenen Bl\u00e4tter zwischen den H\u00e4nden lauschen und sich austoben, bis alle wohlig ersch\u00f6pft sind :-)<\/p>\n<p>Das Herbstlaub im Wald wird zu einem grossen Haufen zusammengerecht oder zusammengetragen. Ist ein ordentlicher Laubberg entstanden, geht es los.<\/p>\n<p>Sich gegenseitig mit den bunten Bl\u00e4ttern beschmeissen, die Bl\u00e4tter in die Luft werfen und sich damit beregnen lassen oder einfach den anderen bei der Laubschlacht zuschauen und das Bl\u00e4tter-Schauspiel bestaunen.<\/p>","protected":false},"excerpt":{"rendered":"<p>Laubspass im Wald &#8211;\u00a0Sich im Freien austoben, das feuchte Laub riechen, dem Knacken der trockenen Bl\u00e4tter zwischen den H\u00e4nden lauschen und sich austoben, bis alle wohlig ersch\u00f6pft sind :-) Das Herbstlaub im Wald wird zu einem grossen Haufen zusammengerecht oder zusammengetragen. Ist ein ordentlicher Laubberg entstanden, geht es los. Sich gegenseitig mit den bunten Bl\u00e4ttern [&hellip;]<\/p>\n","protected":false},"author":2,"featured_media":7217,"comment_status":"closed","ping_status":"closed","sticky":false,"template":"","format":"gallery","meta":{"footnotes":""},"categories":[520],"tags":[],"class_list":["post-7231","post","type-post","status-publish","format-gallery","has-post-thumbnail","hentry","category-waldkinderkrippe-blog","post_format-post-format-gallery"],"_links":{"self":[{"href":"https:\/\/kitabluemli.ch\/en\/wp-json\/wp\/v2\/posts\/7231","targetHints":{"allow":["GET"]}}],"collection":[{"href":"https:\/\/kitabluemli.ch\/en\/wp-json\/wp\/v2\/posts"}],"about":[{"href":"https:\/\/kitabluemli.ch\/en\/wp-json\/wp\/v2\/types\/post"}],"author":[{"embeddable":true,"href":"https:\/\/kitabluemli.ch\/en\/wp-json\/wp\/v2\/users\/2"}],"replies":[{"embeddable":true,"href":"https:\/\/kitabluemli.ch\/en\/wp-json\/wp\/v2\/comments?post=7231"}],"version-history":[{"count":0,"href":"https:\/\/kitabluemli.ch\/en\/wp-json\/wp\/v2\/posts\/7231\/revisions"}],"wp:featuredmedia":[{"embeddable":true,"href":"https:\/\/kitabluemli.ch\/en\/wp-json\/wp\/v2\/media\/7217"}],"wp:attachment":[{"href":"https:\/\/kitabluemli.ch\/en\/wp-json\/wp\/v2\/media?parent=7231"}],"wp:term":[{"taxonomy":"category","embeddable":true,"href":"https:\/\/kitabluemli.ch\/en\/wp-json\/wp\/v2\/categories?post=7231"},{"taxonomy":"post_tag","embeddable":true,"href":"https:\/\/kitabluemli.ch\/en\/wp-json\/wp\/v2\/tags?post=7231"}],"curies":[{"name":"wp","href":"https:\/\/api.w.org\/{rel}","templated":true}]}}