{"id":7306,"date":"2018-10-18T19:00:38","date_gmt":"2018-10-18T17:00:38","guid":{"rendered":"https:\/\/eager-austin.188-34-163-140.plesk.page\/?p=7306"},"modified":"2024-12-13T21:36:44","modified_gmt":"2024-12-13T20:36:44","slug":"herbstbaum-gestalten","status":"publish","type":"post","link":"https:\/\/kitabluemli.ch\/en\/herbstbaum-gestalten\/","title":{"rendered":"Herbstbaum gestalten"},"content":{"rendered":"<p>Herbstbaum gestalten mit Bl\u00e4tter und \u00c4ste ist im Herbst besonders leicht. Die B\u00e4ume sehen pr\u00e4chtig aus in ihre Herbstfarben, Rot, Gelb, Gr\u00fcn, Grau.<\/p>","protected":false},"excerpt":{"rendered":"<p>Herbstbaum gestalten mit Bl\u00e4tter und \u00c4ste ist im Herbst besonders leicht. Die B\u00e4ume sehen pr\u00e4chtig aus in ihre Herbstfarben, Rot, Gelb, Gr\u00fcn, Grau.<\/p>","protected":false},"author":2,"featured_media":23204,"comment_status":"closed","ping_status":"closed","sticky":false,"template":"","format":"gallery","meta":{"footnotes":""},"categories":[520],"tags":[],"class_list":["post-7306","post","type-post","status-publish","format-gallery","has-post-thumbnail","hentry","category-waldkinderkrippe-blog","post_format-post-format-gallery"],"_links":{"self":[{"href":"https:\/\/kitabluemli.ch\/en\/wp-json\/wp\/v2\/posts\/7306","targetHints":{"allow":["GET"]}}],"collection":[{"href":"https:\/\/kitabluemli.ch\/en\/wp-json\/wp\/v2\/posts"}],"about":[{"href":"https:\/\/kitabluemli.ch\/en\/wp-json\/wp\/v2\/types\/post"}],"author":[{"embeddable":true,"href":"https:\/\/kitabluemli.ch\/en\/wp-json\/wp\/v2\/users\/2"}],"replies":[{"embeddable":true,"href":"https:\/\/kitabluemli.ch\/en\/wp-json\/wp\/v2\/comments?post=7306"}],"version-history":[{"count":0,"href":"https:\/\/kitabluemli.ch\/en\/wp-json\/wp\/v2\/posts\/7306\/revisions"}],"wp:featuredmedia":[{"embeddable":true,"href":"https:\/\/kitabluemli.ch\/en\/wp-json\/wp\/v2\/media\/23204"}],"wp:attachment":[{"href":"https:\/\/kitabluemli.ch\/en\/wp-json\/wp\/v2\/media?parent=7306"}],"wp:term":[{"taxonomy":"category","embeddable":true,"href":"https:\/\/kitabluemli.ch\/en\/wp-json\/wp\/v2\/categories?post=7306"},{"taxonomy":"post_tag","embeddable":true,"href":"https:\/\/kitabluemli.ch\/en\/wp-json\/wp\/v2\/tags?post=7306"}],"curies":[{"name":"wp","href":"https:\/\/api.w.org\/{rel}","templated":true}]}}