{"id":7340,"date":"2018-10-23T07:00:39","date_gmt":"2018-10-23T05:00:39","guid":{"rendered":"https:\/\/eager-austin.188-34-163-140.plesk.page\/?p=7340"},"modified":"2018-10-23T07:00:39","modified_gmt":"2018-10-23T05:00:39","slug":"tiere-aus-nu%cc%88sse-und-bla%cc%88tter-basteln","status":"publish","type":"post","link":"https:\/\/kitabluemli.ch\/en\/tiere-aus-nu%cc%88sse-und-bla%cc%88tter-basteln\/","title":{"rendered":"Tiere aus Nu\u0308sse und Bla\u0308tter basteln"},"content":{"rendered":"<div id='gallery-1' class='gallery galleryid-7340 gallery-columns-3 gallery-size-thumbnail'><figure class='gallery-item'>\n\t\t\t<div class='gallery-icon landscape'>\n\t\t\t\t<a href='https:\/\/kitabluemli.ch\/en\/tiere-aus-nuesse-und-blaetter-basteln-03\/'><img decoding=\"async\" width=\"150\" height=\"150\" src=\"https:\/\/kitabluemli.ch\/wp-content\/uploads\/2018\/10\/tiere-aus-nuesse-und-blaetter-basteln-03-150x150.jpg\" class=\"attachment-thumbnail size-thumbnail\" alt=\"Tiere aus Nu\u0308sse und Bla\u0308tter basteln\" title=\"\"><\/a>\n\t\t\t<\/div><\/figure>\n\t\t<\/div>\n\n<p>Wir basteln Tiere aus Nu\u0308sse und Bla\u0308tter im Wald.\u00a0Basteln ist eine wertvolle Besch\u00e4ftigung, von der Kinder in vielerlei Hinsicht profitieren.\u00a0Verschiedene Dinge zu basteln macht nicht nur viel Spass, sondern ist zudem eine sinnvolle und wertvolle Besch\u00e4ftigungsm\u00f6glichkeit, es f\u00f6rdert die Kreativit\u00e4t, die Feinmotorik und das Konzentrationsverm\u00f6gen.<\/p>\n<p>&nbsp;<\/p>","protected":false},"excerpt":{"rendered":"<p>Wir basteln Tiere aus Nu\u0308sse und Bla\u0308tter im Wald.\u00a0Basteln ist eine wertvolle Besch\u00e4ftigung, von der Kinder in vielerlei Hinsicht profitieren.\u00a0Verschiedene Dinge zu basteln macht nicht nur viel Spass, sondern ist zudem eine sinnvolle und wertvolle Besch\u00e4ftigungsm\u00f6glichkeit, es f\u00f6rdert die Kreativit\u00e4t, die Feinmotorik und das Konzentrationsverm\u00f6gen. &nbsp;<\/p>","protected":false},"author":2,"featured_media":7338,"comment_status":"closed","ping_status":"closed","sticky":false,"template":"","format":"gallery","meta":{"footnotes":""},"categories":[520],"tags":[],"class_list":["post-7340","post","type-post","status-publish","format-gallery","has-post-thumbnail","hentry","category-waldkinderkrippe-blog","post_format-post-format-gallery"],"_links":{"self":[{"href":"https:\/\/kitabluemli.ch\/en\/wp-json\/wp\/v2\/posts\/7340","targetHints":{"allow":["GET"]}}],"collection":[{"href":"https:\/\/kitabluemli.ch\/en\/wp-json\/wp\/v2\/posts"}],"about":[{"href":"https:\/\/kitabluemli.ch\/en\/wp-json\/wp\/v2\/types\/post"}],"author":[{"embeddable":true,"href":"https:\/\/kitabluemli.ch\/en\/wp-json\/wp\/v2\/users\/2"}],"replies":[{"embeddable":true,"href":"https:\/\/kitabluemli.ch\/en\/wp-json\/wp\/v2\/comments?post=7340"}],"version-history":[{"count":0,"href":"https:\/\/kitabluemli.ch\/en\/wp-json\/wp\/v2\/posts\/7340\/revisions"}],"wp:featuredmedia":[{"embeddable":true,"href":"https:\/\/kitabluemli.ch\/en\/wp-json\/wp\/v2\/media\/7338"}],"wp:attachment":[{"href":"https:\/\/kitabluemli.ch\/en\/wp-json\/wp\/v2\/media?parent=7340"}],"wp:term":[{"taxonomy":"category","embeddable":true,"href":"https:\/\/kitabluemli.ch\/en\/wp-json\/wp\/v2\/categories?post=7340"},{"taxonomy":"post_tag","embeddable":true,"href":"https:\/\/kitabluemli.ch\/en\/wp-json\/wp\/v2\/tags?post=7340"}],"curies":[{"name":"wp","href":"https:\/\/api.w.org\/{rel}","templated":true}]}}