{"id":7344,"date":"2018-10-25T07:30:07","date_gmt":"2018-10-25T05:30:07","guid":{"rendered":"https:\/\/eager-austin.188-34-163-140.plesk.page\/?p=7344"},"modified":"2018-10-25T07:30:07","modified_gmt":"2018-10-25T05:30:07","slug":"herbstcollage","status":"publish","type":"post","link":"https:\/\/kitabluemli.ch\/en\/herbstcollage\/","title":{"rendered":"Herbstcollage"},"content":{"rendered":"<div id='gallery-1' class='gallery galleryid-7344 gallery-columns-3 gallery-size-thumbnail'><figure class='gallery-item'>\n\t\t\t<div class='gallery-icon landscape'>\n\t\t\t\t<a href='https:\/\/kitabluemli.ch\/en\/herbstcollage-02\/'><img decoding=\"async\" width=\"150\" height=\"150\" src=\"https:\/\/kitabluemli.ch\/wp-content\/uploads\/2018\/10\/herbstcollage.02-150x150.jpg\" class=\"attachment-thumbnail size-thumbnail\" alt=\"Herbstcollage\" title=\"\"><\/a>\n\t\t\t<\/div><\/figure>\n\t\t<\/div>\n\n<p>Zusammen basteln wir eine Herbstcollage. Gemeinsames Basteln f\u00f6rdert soziale Kompetenz und die F\u00e4higkeit zur Teamarbeit. Zielorientiertes Basteln, zusammen mit anderen Kindern, l\u00f6st lebensformende Prozesse aus, die in sp\u00e4teren Jahren schwer nachgeholt werden k\u00f6nnen.<\/p>","protected":false},"excerpt":{"rendered":"<p>Zusammen basteln wir eine Herbstcollage. Gemeinsames Basteln f\u00f6rdert soziale Kompetenz und die F\u00e4higkeit zur Teamarbeit. Zielorientiertes Basteln, zusammen mit anderen Kindern, l\u00f6st lebensformende Prozesse aus, die in sp\u00e4teren Jahren schwer nachgeholt werden k\u00f6nnen.<\/p>","protected":false},"author":2,"featured_media":7328,"comment_status":"closed","ping_status":"closed","sticky":false,"template":"","format":"gallery","meta":{"footnotes":""},"categories":[1,520],"tags":[],"class_list":["post-7344","post","type-post","status-publish","format-gallery","has-post-thumbnail","hentry","category-allgemein-blog","category-waldkinderkrippe-blog","post_format-post-format-gallery"],"_links":{"self":[{"href":"https:\/\/kitabluemli.ch\/en\/wp-json\/wp\/v2\/posts\/7344","targetHints":{"allow":["GET"]}}],"collection":[{"href":"https:\/\/kitabluemli.ch\/en\/wp-json\/wp\/v2\/posts"}],"about":[{"href":"https:\/\/kitabluemli.ch\/en\/wp-json\/wp\/v2\/types\/post"}],"author":[{"embeddable":true,"href":"https:\/\/kitabluemli.ch\/en\/wp-json\/wp\/v2\/users\/2"}],"replies":[{"embeddable":true,"href":"https:\/\/kitabluemli.ch\/en\/wp-json\/wp\/v2\/comments?post=7344"}],"version-history":[{"count":0,"href":"https:\/\/kitabluemli.ch\/en\/wp-json\/wp\/v2\/posts\/7344\/revisions"}],"wp:featuredmedia":[{"embeddable":true,"href":"https:\/\/kitabluemli.ch\/en\/wp-json\/wp\/v2\/media\/7328"}],"wp:attachment":[{"href":"https:\/\/kitabluemli.ch\/en\/wp-json\/wp\/v2\/media?parent=7344"}],"wp:term":[{"taxonomy":"category","embeddable":true,"href":"https:\/\/kitabluemli.ch\/en\/wp-json\/wp\/v2\/categories?post=7344"},{"taxonomy":"post_tag","embeddable":true,"href":"https:\/\/kitabluemli.ch\/en\/wp-json\/wp\/v2\/tags?post=7344"}],"curies":[{"name":"wp","href":"https:\/\/api.w.org\/{rel}","templated":true}]}}