{"id":7414,"date":"2018-11-10T20:00:12","date_gmt":"2018-11-10T19:00:12","guid":{"rendered":"https:\/\/eager-austin.188-34-163-140.plesk.page\/?p=7414"},"modified":"2018-11-10T20:00:12","modified_gmt":"2018-11-10T19:00:12","slug":"blaetterschlacht","status":"publish","type":"post","link":"https:\/\/kitabluemli.ch\/en\/blaetterschlacht\/","title":{"rendered":"Bl\u00e4tterschlacht"},"content":{"rendered":"<div id='gallery-1' class='gallery galleryid-7414 gallery-columns-3 gallery-size-thumbnail'><figure class='gallery-item'>\n\t\t\t<div class='gallery-icon landscape'>\n\t\t\t\t<a href='https:\/\/kitabluemli.ch\/en\/blaetterschlacht-02\/'><img decoding=\"async\" width=\"150\" height=\"150\" src=\"https:\/\/kitabluemli.ch\/wp-content\/uploads\/2018\/11\/blaetterschlacht-02-150x150.jpg\" class=\"attachment-thumbnail size-thumbnail\" alt=\"Bl\u00e4tterschlacht\" title=\"\"><\/a>\n\t\t\t<\/div><\/figure>\n\t\t<\/div>\n\n<p>Eine ausgedehnte uns spassige Bl\u00e4tterschlacht geh\u00f6rt einfach zum Herbst dazu! Unsere kleinen lieben es und der Wald is der ideale Platz daf\u00fcr.<\/p>","protected":false},"excerpt":{"rendered":"<p>Eine ausgedehnte uns spassige Bl\u00e4tterschlacht geh\u00f6rt einfach zum Herbst dazu! Unsere kleinen lieben es und der Wald is der ideale Platz daf\u00fcr.<\/p>","protected":false},"author":2,"featured_media":7383,"comment_status":"closed","ping_status":"closed","sticky":false,"template":"","format":"gallery","meta":{"footnotes":""},"categories":[520],"tags":[],"class_list":["post-7414","post","type-post","status-publish","format-gallery","has-post-thumbnail","hentry","category-waldkinderkrippe-blog","post_format-post-format-gallery"],"_links":{"self":[{"href":"https:\/\/kitabluemli.ch\/en\/wp-json\/wp\/v2\/posts\/7414","targetHints":{"allow":["GET"]}}],"collection":[{"href":"https:\/\/kitabluemli.ch\/en\/wp-json\/wp\/v2\/posts"}],"about":[{"href":"https:\/\/kitabluemli.ch\/en\/wp-json\/wp\/v2\/types\/post"}],"author":[{"embeddable":true,"href":"https:\/\/kitabluemli.ch\/en\/wp-json\/wp\/v2\/users\/2"}],"replies":[{"embeddable":true,"href":"https:\/\/kitabluemli.ch\/en\/wp-json\/wp\/v2\/comments?post=7414"}],"version-history":[{"count":0,"href":"https:\/\/kitabluemli.ch\/en\/wp-json\/wp\/v2\/posts\/7414\/revisions"}],"wp:featuredmedia":[{"embeddable":true,"href":"https:\/\/kitabluemli.ch\/en\/wp-json\/wp\/v2\/media\/7383"}],"wp:attachment":[{"href":"https:\/\/kitabluemli.ch\/en\/wp-json\/wp\/v2\/media?parent=7414"}],"wp:term":[{"taxonomy":"category","embeddable":true,"href":"https:\/\/kitabluemli.ch\/en\/wp-json\/wp\/v2\/categories?post=7414"},{"taxonomy":"post_tag","embeddable":true,"href":"https:\/\/kitabluemli.ch\/en\/wp-json\/wp\/v2\/tags?post=7414"}],"curies":[{"name":"wp","href":"https:\/\/api.w.org\/{rel}","templated":true}]}}