{"id":7435,"date":"2018-11-11T16:30:39","date_gmt":"2018-11-11T15:30:39","guid":{"rendered":"https:\/\/eager-austin.188-34-163-140.plesk.page\/?p=7435"},"modified":"2018-11-11T16:30:39","modified_gmt":"2018-11-11T15:30:39","slug":"springen-u%cc%88ben","status":"publish","type":"post","link":"https:\/\/kitabluemli.ch\/en\/springen-u%cc%88ben\/","title":{"rendered":"Springen u\u0308ben"},"content":{"rendered":"<div id='gallery-1' class='gallery galleryid-7435 gallery-columns-3 gallery-size-thumbnail'><figure class='gallery-item'>\n\t\t\t<div class='gallery-icon landscape'>\n\t\t\t\t<a href='https:\/\/kitabluemli.ch\/en\/springen-ueben-01\/'><img decoding=\"async\" width=\"150\" height=\"150\" src=\"https:\/\/kitabluemli.ch\/wp-content\/uploads\/2018\/11\/springen-ueben-01-150x150.jpg\" class=\"attachment-thumbnail size-thumbnail\" alt=\"Springen u\u0308ben\" title=\"\"><\/a>\n\t\t\t<\/div><\/figure>\n\t\t<\/div>\n\n<p>Koordination und Gleichgewicht geh\u00f6ren zu den grundlegenden F\u00e4higkeiten des Menschen. Da Fertigkeiten erlernt werden m\u00fcssen, ist es wichtig, so fr\u00fch wie m\u00f6glich mit der Koordinationsschulung zu beginnen. Wir integrieren jeden Tag verschiedene \u00dcbungen, wie springen, rennen, Balancieren etc., so lernen die Kinder auf spielerische art sich zu bewegen und koordinieren.<\/p>","protected":false},"excerpt":{"rendered":"<p>Koordination und Gleichgewicht geh\u00f6ren zu den grundlegenden F\u00e4higkeiten des Menschen. Da Fertigkeiten erlernt werden m\u00fcssen, ist es wichtig, so fr\u00fch wie m\u00f6glich mit der Koordinationsschulung zu beginnen. Wir integrieren jeden Tag verschiedene \u00dcbungen, wie springen, rennen, Balancieren etc., so lernen die Kinder auf spielerische art sich zu bewegen und koordinieren.<\/p>","protected":false},"author":2,"featured_media":7432,"comment_status":"closed","ping_status":"closed","sticky":false,"template":"","format":"gallery","meta":{"footnotes":""},"categories":[520],"tags":[],"class_list":["post-7435","post","type-post","status-publish","format-gallery","has-post-thumbnail","hentry","category-waldkinderkrippe-blog","post_format-post-format-gallery"],"_links":{"self":[{"href":"https:\/\/kitabluemli.ch\/en\/wp-json\/wp\/v2\/posts\/7435","targetHints":{"allow":["GET"]}}],"collection":[{"href":"https:\/\/kitabluemli.ch\/en\/wp-json\/wp\/v2\/posts"}],"about":[{"href":"https:\/\/kitabluemli.ch\/en\/wp-json\/wp\/v2\/types\/post"}],"author":[{"embeddable":true,"href":"https:\/\/kitabluemli.ch\/en\/wp-json\/wp\/v2\/users\/2"}],"replies":[{"embeddable":true,"href":"https:\/\/kitabluemli.ch\/en\/wp-json\/wp\/v2\/comments?post=7435"}],"version-history":[{"count":0,"href":"https:\/\/kitabluemli.ch\/en\/wp-json\/wp\/v2\/posts\/7435\/revisions"}],"wp:featuredmedia":[{"embeddable":true,"href":"https:\/\/kitabluemli.ch\/en\/wp-json\/wp\/v2\/media\/7432"}],"wp:attachment":[{"href":"https:\/\/kitabluemli.ch\/en\/wp-json\/wp\/v2\/media?parent=7435"}],"wp:term":[{"taxonomy":"category","embeddable":true,"href":"https:\/\/kitabluemli.ch\/en\/wp-json\/wp\/v2\/categories?post=7435"},{"taxonomy":"post_tag","embeddable":true,"href":"https:\/\/kitabluemli.ch\/en\/wp-json\/wp\/v2\/tags?post=7435"}],"curies":[{"name":"wp","href":"https:\/\/api.w.org\/{rel}","templated":true}]}}