{"id":7442,"date":"2018-11-15T07:00:53","date_gmt":"2018-11-15T06:00:53","guid":{"rendered":"https:\/\/eager-austin.188-34-163-140.plesk.page\/?p=7442"},"modified":"2018-11-15T07:00:53","modified_gmt":"2018-11-15T06:00:53","slug":"igel-basteln","status":"publish","type":"post","link":"https:\/\/kitabluemli.ch\/en\/igel-basteln\/","title":{"rendered":"Igel basteln"},"content":{"rendered":"<div id='gallery-1' class='gallery galleryid-7442 gallery-columns-3 gallery-size-thumbnail'><figure class='gallery-item'>\n\t\t\t<div class='gallery-icon landscape'>\n\t\t\t\t<a href='https:\/\/kitabluemli.ch\/en\/igel-basteln-03\/'><img decoding=\"async\" width=\"150\" height=\"150\" src=\"https:\/\/kitabluemli.ch\/wp-content\/uploads\/2018\/11\/igel-basteln-03-150x150.jpg\" class=\"attachment-thumbnail size-thumbnail\" alt=\"Igel basteln\" title=\"\"><\/a>\n\t\t\t<\/div><\/figure>\n\t\t<\/div>\n\n<p>Igel basteln im Wald mit von unseren Kinder gesammelten Bl\u00e4tter, \u00c4ste und Steine.\u00a0Basteln f\u00f6rdert die Kreativit\u00e4t, Feinmotorik und die Konzentrationsf\u00e4higkeit. So bereiten sich Kinder spielerisch auf das sp\u00e4tere Lernen in der Schule vor.<\/p>","protected":false},"excerpt":{"rendered":"<p>Igel basteln im Wald mit von unseren Kinder gesammelten Bl\u00e4tter, \u00c4ste und Steine.\u00a0Basteln f\u00f6rdert die Kreativit\u00e4t, Feinmotorik und die Konzentrationsf\u00e4higkeit. So bereiten sich Kinder spielerisch auf das sp\u00e4tere Lernen in der Schule vor.<\/p>","protected":false},"author":2,"featured_media":7427,"comment_status":"closed","ping_status":"closed","sticky":false,"template":"","format":"gallery","meta":{"footnotes":""},"categories":[519,520],"tags":[],"class_list":["post-7442","post","type-post","status-publish","format-gallery","has-post-thumbnail","hentry","category-kinderkrippe-blog","category-waldkinderkrippe-blog","post_format-post-format-gallery"],"_links":{"self":[{"href":"https:\/\/kitabluemli.ch\/en\/wp-json\/wp\/v2\/posts\/7442","targetHints":{"allow":["GET"]}}],"collection":[{"href":"https:\/\/kitabluemli.ch\/en\/wp-json\/wp\/v2\/posts"}],"about":[{"href":"https:\/\/kitabluemli.ch\/en\/wp-json\/wp\/v2\/types\/post"}],"author":[{"embeddable":true,"href":"https:\/\/kitabluemli.ch\/en\/wp-json\/wp\/v2\/users\/2"}],"replies":[{"embeddable":true,"href":"https:\/\/kitabluemli.ch\/en\/wp-json\/wp\/v2\/comments?post=7442"}],"version-history":[{"count":0,"href":"https:\/\/kitabluemli.ch\/en\/wp-json\/wp\/v2\/posts\/7442\/revisions"}],"wp:featuredmedia":[{"embeddable":true,"href":"https:\/\/kitabluemli.ch\/en\/wp-json\/wp\/v2\/media\/7427"}],"wp:attachment":[{"href":"https:\/\/kitabluemli.ch\/en\/wp-json\/wp\/v2\/media?parent=7442"}],"wp:term":[{"taxonomy":"category","embeddable":true,"href":"https:\/\/kitabluemli.ch\/en\/wp-json\/wp\/v2\/categories?post=7442"},{"taxonomy":"post_tag","embeddable":true,"href":"https:\/\/kitabluemli.ch\/en\/wp-json\/wp\/v2\/tags?post=7442"}],"curies":[{"name":"wp","href":"https:\/\/api.w.org\/{rel}","templated":true}]}}