{"id":7479,"date":"2018-11-28T08:00:17","date_gmt":"2018-11-28T07:00:17","guid":{"rendered":"https:\/\/eager-austin.188-34-163-140.plesk.page\/?p=7479"},"modified":"2018-11-28T08:00:17","modified_gmt":"2018-11-28T07:00:17","slug":"herbstbla%cc%88tter-collage","status":"publish","type":"post","link":"https:\/\/kitabluemli.ch\/en\/herbstbla%cc%88tter-collage\/","title":{"rendered":"Herbstbla\u0308tter Collage"},"content":{"rendered":"<div id='gallery-1' class='gallery galleryid-7479 gallery-columns-3 gallery-size-thumbnail'><figure class='gallery-item'>\n\t\t\t<div class='gallery-icon landscape'>\n\t\t\t\t<a href='https:\/\/kitabluemli.ch\/en\/herbstblaetter-collage-basteln-01\/'><img decoding=\"async\" width=\"150\" height=\"150\" src=\"https:\/\/kitabluemli.ch\/wp-content\/uploads\/2018\/10\/herbstblaetter-collage-basteln-01-150x150.jpg\" class=\"attachment-thumbnail size-thumbnail\" alt=\"Herbstbla\u0308tter Collage\" title=\"\"><\/a>\n\t\t\t<\/div><\/figure>\n\t\t<\/div>\n\n<p>Wir basteln einen\u00a0Herbstbla\u0308tter Collage.\u00a0Ein besonders wichtiger Punkt bei Bastelarbeiten ist die Unterst\u00fctzung der Sprachf\u00f6rderung, da sich beim Basteln in der Gruppe immer Sprachanl\u00e4sse ergeben. H\u00e4ufig bietet es sich auch an, das eigene Handeln mit kleinen Reimen oder Liedern zu begleiten. Dadurch wird die sprachliche Ausdrucksweise geschult und gleichzeitig eine Anleitung f\u00fcr die Vorgehensweise beschrieben.<\/p>","protected":false},"excerpt":{"rendered":"<p>Wir basteln einen\u00a0Herbstbla\u0308tter Collage.\u00a0Ein besonders wichtiger Punkt bei Bastelarbeiten ist die Unterst\u00fctzung der Sprachf\u00f6rderung, da sich beim Basteln in der Gruppe immer Sprachanl\u00e4sse ergeben. H\u00e4ufig bietet es sich auch an, das eigene Handeln mit kleinen Reimen oder Liedern zu begleiten. Dadurch wird die sprachliche Ausdrucksweise geschult und gleichzeitig eine Anleitung f\u00fcr die Vorgehensweise beschrieben.<\/p>","protected":false},"author":2,"featured_media":7280,"comment_status":"closed","ping_status":"closed","sticky":false,"template":"","format":"gallery","meta":{"footnotes":""},"categories":[519],"tags":[],"class_list":["post-7479","post","type-post","status-publish","format-gallery","has-post-thumbnail","hentry","category-kinderkrippe-blog","post_format-post-format-gallery"],"_links":{"self":[{"href":"https:\/\/kitabluemli.ch\/en\/wp-json\/wp\/v2\/posts\/7479","targetHints":{"allow":["GET"]}}],"collection":[{"href":"https:\/\/kitabluemli.ch\/en\/wp-json\/wp\/v2\/posts"}],"about":[{"href":"https:\/\/kitabluemli.ch\/en\/wp-json\/wp\/v2\/types\/post"}],"author":[{"embeddable":true,"href":"https:\/\/kitabluemli.ch\/en\/wp-json\/wp\/v2\/users\/2"}],"replies":[{"embeddable":true,"href":"https:\/\/kitabluemli.ch\/en\/wp-json\/wp\/v2\/comments?post=7479"}],"version-history":[{"count":0,"href":"https:\/\/kitabluemli.ch\/en\/wp-json\/wp\/v2\/posts\/7479\/revisions"}],"wp:featuredmedia":[{"embeddable":true,"href":"https:\/\/kitabluemli.ch\/en\/wp-json\/wp\/v2\/media\/7280"}],"wp:attachment":[{"href":"https:\/\/kitabluemli.ch\/en\/wp-json\/wp\/v2\/media?parent=7479"}],"wp:term":[{"taxonomy":"category","embeddable":true,"href":"https:\/\/kitabluemli.ch\/en\/wp-json\/wp\/v2\/categories?post=7479"},{"taxonomy":"post_tag","embeddable":true,"href":"https:\/\/kitabluemli.ch\/en\/wp-json\/wp\/v2\/tags?post=7479"}],"curies":[{"name":"wp","href":"https:\/\/api.w.org\/{rel}","templated":true}]}}