{"id":7494,"date":"2018-12-02T08:00:08","date_gmt":"2018-12-02T07:00:08","guid":{"rendered":"https:\/\/eager-austin.188-34-163-140.plesk.page\/?p=7494"},"modified":"2018-12-02T08:00:08","modified_gmt":"2018-12-02T07:00:08","slug":"1-advent","status":"publish","type":"post","link":"https:\/\/kitabluemli.ch\/en\/1-advent\/","title":{"rendered":"1. Advent"},"content":{"rendered":"<div id='gallery-1' class='gallery galleryid-7494 gallery-columns-3 gallery-size-thumbnail'><figure class='gallery-item'>\n\t\t\t<div class='gallery-icon landscape'>\n\t\t\t\t<a href='https:\/\/kitabluemli.ch\/en\/gemeinsam-02\/'><img decoding=\"async\" width=\"150\" height=\"150\" src=\"https:\/\/kitabluemli.ch\/wp-content\/uploads\/2018\/11\/gemeinsam-02-150x150.jpg\" class=\"attachment-thumbnail size-thumbnail\" alt=\"gemeinsam\" title=\"\"><\/a>\n\t\t\t<\/div><\/figure><figure class='gallery-item'>\n\t\t\t<div class='gallery-icon landscape'>\n\t\t\t\t<a href='https:\/\/kitabluemli.ch\/en\/1-advent\/gemeinsam-01\/'><img decoding=\"async\" width=\"150\" height=\"150\" src=\"https:\/\/kitabluemli.ch\/wp-content\/uploads\/2018\/11\/gemeinsam-01-150x150.jpg\" class=\"attachment-thumbnail size-thumbnail\" alt=\"gemeinsam\" title=\"\"><\/a>\n\t\t\t<\/div><\/figure>\n\t\t<\/div>\n\n<p>Jetzt geht&#8217;s wieder los! Die Adventszeit l\u00e4dt ein zu mehr Besinnlichkeit und zur Vorfreude auf das bevorstehendes Weihnachtsfest. Ich w\u00fcnsche all unseren Kindern, Eltern und Mitarbeitern eine sch\u00f6ne Adventszeit mit vielen wunderbaren Momenten!<br \/>\nAndrea KiTa Bl\u00fcemli<\/p>","protected":false},"excerpt":{"rendered":"<p>Jetzt geht&#8217;s wieder los! Die Adventszeit l\u00e4dt ein zu mehr Besinnlichkeit und zur Vorfreude auf das bevorstehendes Weihnachtsfest. Ich w\u00fcnsche all unseren Kindern, Eltern und Mitarbeitern eine sch\u00f6ne Adventszeit mit vielen wunderbaren Momenten! Andrea KiTa Bl\u00fcemli<\/p>","protected":false},"author":2,"featured_media":7488,"comment_status":"closed","ping_status":"closed","sticky":false,"template":"","format":"gallery","meta":{"footnotes":""},"categories":[1,519,520],"tags":[],"class_list":["post-7494","post","type-post","status-publish","format-gallery","has-post-thumbnail","hentry","category-allgemein-blog","category-kinderkrippe-blog","category-waldkinderkrippe-blog","post_format-post-format-gallery"],"_links":{"self":[{"href":"https:\/\/kitabluemli.ch\/en\/wp-json\/wp\/v2\/posts\/7494","targetHints":{"allow":["GET"]}}],"collection":[{"href":"https:\/\/kitabluemli.ch\/en\/wp-json\/wp\/v2\/posts"}],"about":[{"href":"https:\/\/kitabluemli.ch\/en\/wp-json\/wp\/v2\/types\/post"}],"author":[{"embeddable":true,"href":"https:\/\/kitabluemli.ch\/en\/wp-json\/wp\/v2\/users\/2"}],"replies":[{"embeddable":true,"href":"https:\/\/kitabluemli.ch\/en\/wp-json\/wp\/v2\/comments?post=7494"}],"version-history":[{"count":0,"href":"https:\/\/kitabluemli.ch\/en\/wp-json\/wp\/v2\/posts\/7494\/revisions"}],"wp:featuredmedia":[{"embeddable":true,"href":"https:\/\/kitabluemli.ch\/en\/wp-json\/wp\/v2\/media\/7488"}],"wp:attachment":[{"href":"https:\/\/kitabluemli.ch\/en\/wp-json\/wp\/v2\/media?parent=7494"}],"wp:term":[{"taxonomy":"category","embeddable":true,"href":"https:\/\/kitabluemli.ch\/en\/wp-json\/wp\/v2\/categories?post=7494"},{"taxonomy":"post_tag","embeddable":true,"href":"https:\/\/kitabluemli.ch\/en\/wp-json\/wp\/v2\/tags?post=7494"}],"curies":[{"name":"wp","href":"https:\/\/api.w.org\/{rel}","templated":true}]}}