{"id":7533,"date":"2018-12-06T08:00:29","date_gmt":"2018-12-06T07:00:29","guid":{"rendered":"https:\/\/eager-austin.188-34-163-140.plesk.page\/?p=7533"},"modified":"2018-12-06T08:00:29","modified_gmt":"2018-12-06T07:00:29","slug":"samichlaus-2018","status":"publish","type":"post","link":"https:\/\/kitabluemli.ch\/en\/samichlaus-2018\/","title":{"rendered":"Samichlaus 2018"},"content":{"rendered":"<p>&#171;D Bl\u00e4tter falled ab d\u00e4 B\u00e4ume, d chinde fanged afa tr\u00e4ume. Vo d\u00e4m maa im dunkle Wald, wo au w\u00fcrkli au scho bald, mit em Esel und em Schlitte, \u00e4men\u00e4 Sack und schw\u00e4ri Schritte. Zstampf\u00e4 chummt d\u00e4 Sack abstellt und am Chind sini Gschicht verzellt.&#187;<\/p>\n<p>Wir w\u00fcnschen allen einen wundersch\u00f6nen Samichlaus. KiTa Bl\u00fcemli<\/p>","protected":false},"excerpt":{"rendered":"<p>&#171;D Bl\u00e4tter falled ab d\u00e4 B\u00e4ume, d chinde fanged afa tr\u00e4ume. Vo d\u00e4m maa im dunkle Wald, wo au w\u00fcrkli au scho bald, mit em Esel und em Schlitte, \u00e4men\u00e4 Sack und schw\u00e4ri Schritte. Zstampf\u00e4 chummt d\u00e4 Sack abstellt und am Chind sini Gschicht verzellt.&#187; Wir w\u00fcnschen allen einen wundersch\u00f6nen Samichlaus. KiTa Bl\u00fcemli<\/p>","protected":false},"author":2,"featured_media":7538,"comment_status":"closed","ping_status":"closed","sticky":false,"template":"","format":"standard","meta":{"footnotes":""},"categories":[1],"tags":[],"class_list":["post-7533","post","type-post","status-publish","format-standard","has-post-thumbnail","hentry","category-allgemein-blog"],"_links":{"self":[{"href":"https:\/\/kitabluemli.ch\/en\/wp-json\/wp\/v2\/posts\/7533","targetHints":{"allow":["GET"]}}],"collection":[{"href":"https:\/\/kitabluemli.ch\/en\/wp-json\/wp\/v2\/posts"}],"about":[{"href":"https:\/\/kitabluemli.ch\/en\/wp-json\/wp\/v2\/types\/post"}],"author":[{"embeddable":true,"href":"https:\/\/kitabluemli.ch\/en\/wp-json\/wp\/v2\/users\/2"}],"replies":[{"embeddable":true,"href":"https:\/\/kitabluemli.ch\/en\/wp-json\/wp\/v2\/comments?post=7533"}],"version-history":[{"count":0,"href":"https:\/\/kitabluemli.ch\/en\/wp-json\/wp\/v2\/posts\/7533\/revisions"}],"wp:featuredmedia":[{"embeddable":true,"href":"https:\/\/kitabluemli.ch\/en\/wp-json\/wp\/v2\/media\/7538"}],"wp:attachment":[{"href":"https:\/\/kitabluemli.ch\/en\/wp-json\/wp\/v2\/media?parent=7533"}],"wp:term":[{"taxonomy":"category","embeddable":true,"href":"https:\/\/kitabluemli.ch\/en\/wp-json\/wp\/v2\/categories?post=7533"},{"taxonomy":"post_tag","embeddable":true,"href":"https:\/\/kitabluemli.ch\/en\/wp-json\/wp\/v2\/tags?post=7533"}],"curies":[{"name":"wp","href":"https:\/\/api.w.org\/{rel}","templated":true}]}}