{"id":7558,"date":"2018-12-13T21:18:10","date_gmt":"2018-12-13T20:18:10","guid":{"rendered":"https:\/\/eager-austin.188-34-163-140.plesk.page\/?p=7558"},"modified":"2018-12-13T21:18:10","modified_gmt":"2018-12-13T20:18:10","slug":"samichlaus-und-schmutzli-zu-besuch","status":"publish","type":"post","link":"https:\/\/kitabluemli.ch\/en\/samichlaus-und-schmutzli-zu-besuch\/","title":{"rendered":"Samichlaus und Schmutzli zu Besuch"},"content":{"rendered":"<div id='gallery-1' class='gallery galleryid-7558 gallery-columns-3 gallery-size-thumbnail'><figure class='gallery-item'>\n\t\t\t<div class='gallery-icon landscape'>\n\t\t\t\t<a href='https:\/\/kitabluemli.ch\/en\/samichlaus-und-schmutzl-i-zu-besuch-02\/'><img decoding=\"async\" width=\"150\" height=\"150\" src=\"https:\/\/kitabluemli.ch\/wp-content\/uploads\/2018\/12\/samichlaus-und-schmutzl-i-zu-besuch-02-150x150.jpg\" class=\"attachment-thumbnail size-thumbnail\" alt=\"Samichlaus und Schmutzli zu Besuch\" title=\"\"><\/a>\n\t\t\t<\/div><\/figure>\n\t\t<\/div>\n\n<p>Letzten Freitag war es soweit! Was f\u00fcr eine Freude, als der Samichlaus mit seinem Gehilfen, dem Schmutzli endlich durch den Nebel gelaufen kam. Alle Kinder versammelten sich gespannt in einem grossen Halbreis und begr\u00fcssten den lang erwartete Besuch.<\/p>\n<p>Die Kinder sangen Lieder und der Chlaus wollte nat\u00fcrlich auch ein paar Versli h\u00f6ren. Das grosse Buch hatte der Samichlaus auch dabei. Darin standen viele sch\u00f6ne Sachen \u00fcber die Kinder, aber auch etwas, was sie noch besser machen k\u00f6nnten.<\/p>\n<p>Zum Schluss erhielt jedes Kind einen grossen Sack mit viele leckeren Sachen.<\/p>\n<p>Danke, Samichlaus und Schmutzli f\u00fcr euren Beusch! Es war ein sch\u00f6ner Freitag Abend.<\/p>","protected":false},"excerpt":{"rendered":"<p>Letzten Freitag war es soweit! Was f\u00fcr eine Freude, als der Samichlaus mit seinem Gehilfen, dem Schmutzli endlich durch den Nebel gelaufen kam. Alle Kinder versammelten sich gespannt in einem grossen Halbreis und begr\u00fcssten den lang erwartete Besuch. Die Kinder sangen Lieder und der Chlaus wollte nat\u00fcrlich auch ein paar Versli h\u00f6ren. Das grosse Buch [&hellip;]<\/p>\n","protected":false},"author":2,"featured_media":7551,"comment_status":"closed","ping_status":"closed","sticky":false,"template":"","format":"gallery","meta":{"footnotes":""},"categories":[1,519,520],"tags":[],"class_list":["post-7558","post","type-post","status-publish","format-gallery","has-post-thumbnail","hentry","category-allgemein-blog","category-kinderkrippe-blog","category-waldkinderkrippe-blog","post_format-post-format-gallery"],"_links":{"self":[{"href":"https:\/\/kitabluemli.ch\/en\/wp-json\/wp\/v2\/posts\/7558","targetHints":{"allow":["GET"]}}],"collection":[{"href":"https:\/\/kitabluemli.ch\/en\/wp-json\/wp\/v2\/posts"}],"about":[{"href":"https:\/\/kitabluemli.ch\/en\/wp-json\/wp\/v2\/types\/post"}],"author":[{"embeddable":true,"href":"https:\/\/kitabluemli.ch\/en\/wp-json\/wp\/v2\/users\/2"}],"replies":[{"embeddable":true,"href":"https:\/\/kitabluemli.ch\/en\/wp-json\/wp\/v2\/comments?post=7558"}],"version-history":[{"count":0,"href":"https:\/\/kitabluemli.ch\/en\/wp-json\/wp\/v2\/posts\/7558\/revisions"}],"wp:featuredmedia":[{"embeddable":true,"href":"https:\/\/kitabluemli.ch\/en\/wp-json\/wp\/v2\/media\/7551"}],"wp:attachment":[{"href":"https:\/\/kitabluemli.ch\/en\/wp-json\/wp\/v2\/media?parent=7558"}],"wp:term":[{"taxonomy":"category","embeddable":true,"href":"https:\/\/kitabluemli.ch\/en\/wp-json\/wp\/v2\/categories?post=7558"},{"taxonomy":"post_tag","embeddable":true,"href":"https:\/\/kitabluemli.ch\/en\/wp-json\/wp\/v2\/tags?post=7558"}],"curies":[{"name":"wp","href":"https:\/\/api.w.org\/{rel}","templated":true}]}}