{"id":7733,"date":"2018-12-31T08:00:24","date_gmt":"2018-12-31T07:00:24","guid":{"rendered":"https:\/\/eager-austin.188-34-163-140.plesk.page\/?p=7733"},"modified":"2018-12-31T08:00:24","modified_gmt":"2018-12-31T07:00:24","slug":"ein-jahr-geht-zu-ende","status":"publish","type":"post","link":"https:\/\/kitabluemli.ch\/en\/ein-jahr-geht-zu-ende\/","title":{"rendered":"Ein Jahr geht zu Ende"},"content":{"rendered":"<p class=\"p1\"><span class=\"s1\">Liebe Eltern, wir m\u00f6chte die Gelegenheit ergreifen, um euch nochmals herzlich zu danken.\u00a0<\/span><span class=\"s1\">Die vielen wertsch\u00e4tzenden Worte und W\u00fcnsche freuen uns sehr und wir m\u00f6chten euch herzlich daf\u00fcr danken!\u00a0\u00a0<\/span><span class=\"s1\">Einmal mehr konnten wir gemeinsam ein sehr sch\u00f6nes Samichlausfest erleben.\u00a0 Allen, die dabei waren, danke ich, dass ihr den Kindern und uns mit eurem Besuch die Ehre erwiesen habt.\u00a0Wir w\u00fcnschen euch einen guten Rutsch ins neue Jahr<\/span><\/p>","protected":false},"excerpt":{"rendered":"<p>Liebe Eltern, wir m\u00f6chte die Gelegenheit ergreifen, um euch nochmals herzlich zu danken.\u00a0Die vielen wertsch\u00e4tzenden Worte und W\u00fcnsche freuen uns sehr und wir m\u00f6chten euch herzlich daf\u00fcr danken!\u00a0\u00a0Einmal mehr konnten wir gemeinsam ein sehr sch\u00f6nes Samichlausfest erleben.\u00a0 Allen, die dabei waren, danke ich, dass ihr den Kindern und uns mit eurem Besuch die Ehre erwiesen [&hellip;]<\/p>\n","protected":false},"author":2,"featured_media":7692,"comment_status":"closed","ping_status":"closed","sticky":false,"template":"","format":"standard","meta":{"footnotes":""},"categories":[1,519,520],"tags":[],"class_list":["post-7733","post","type-post","status-publish","format-standard","has-post-thumbnail","hentry","category-allgemein-blog","category-kinderkrippe-blog","category-waldkinderkrippe-blog"],"_links":{"self":[{"href":"https:\/\/kitabluemli.ch\/en\/wp-json\/wp\/v2\/posts\/7733","targetHints":{"allow":["GET"]}}],"collection":[{"href":"https:\/\/kitabluemli.ch\/en\/wp-json\/wp\/v2\/posts"}],"about":[{"href":"https:\/\/kitabluemli.ch\/en\/wp-json\/wp\/v2\/types\/post"}],"author":[{"embeddable":true,"href":"https:\/\/kitabluemli.ch\/en\/wp-json\/wp\/v2\/users\/2"}],"replies":[{"embeddable":true,"href":"https:\/\/kitabluemli.ch\/en\/wp-json\/wp\/v2\/comments?post=7733"}],"version-history":[{"count":0,"href":"https:\/\/kitabluemli.ch\/en\/wp-json\/wp\/v2\/posts\/7733\/revisions"}],"wp:featuredmedia":[{"embeddable":true,"href":"https:\/\/kitabluemli.ch\/en\/wp-json\/wp\/v2\/media\/7692"}],"wp:attachment":[{"href":"https:\/\/kitabluemli.ch\/en\/wp-json\/wp\/v2\/media?parent=7733"}],"wp:term":[{"taxonomy":"category","embeddable":true,"href":"https:\/\/kitabluemli.ch\/en\/wp-json\/wp\/v2\/categories?post=7733"},{"taxonomy":"post_tag","embeddable":true,"href":"https:\/\/kitabluemli.ch\/en\/wp-json\/wp\/v2\/tags?post=7733"}],"curies":[{"name":"wp","href":"https:\/\/api.w.org\/{rel}","templated":true}]}}