{"id":7763,"date":"2019-01-09T20:00:51","date_gmt":"2019-01-09T19:00:51","guid":{"rendered":"https:\/\/eager-austin.188-34-163-140.plesk.page\/?p=7763"},"modified":"2019-01-09T20:00:51","modified_gmt":"2019-01-09T19:00:51","slug":"schneebilder","status":"publish","type":"post","link":"https:\/\/kitabluemli.ch\/en\/schneebilder\/","title":{"rendered":"Schneebilder"},"content":{"rendered":"<div id='gallery-1' class='gallery galleryid-7763 gallery-columns-3 gallery-size-thumbnail'><figure class='gallery-item'>\n\t\t\t<div class='gallery-icon portrait'>\n\t\t\t\t<a href='https:\/\/kitabluemli.ch\/en\/zeichnen-im-schnee-02\/'><img decoding=\"async\" width=\"150\" height=\"150\" src=\"https:\/\/kitabluemli.ch\/wp-content\/uploads\/2019\/01\/zeichnen-im-schnee-02-150x150.jpg\" class=\"attachment-thumbnail size-thumbnail\" alt=\"Zeichnen im Schnee\" title=\"\"><\/a>\n\t\t\t<\/div><\/figure><figure class='gallery-item'>\n\t\t\t<div class='gallery-icon landscape'>\n\t\t\t\t<a href='https:\/\/kitabluemli.ch\/en\/schneebilder\/zeichnen-im-schnee-01\/'><img decoding=\"async\" width=\"150\" height=\"150\" src=\"https:\/\/kitabluemli.ch\/wp-content\/uploads\/2019\/01\/zeichnen-im-schnee-01-150x150.jpg\" class=\"attachment-thumbnail size-thumbnail\" alt=\"Zeichnen im Schnee\" title=\"\"><\/a>\n\t\t\t<\/div><\/figure>\n\t\t<\/div>\n\n<p>Zeichnen im Schnee&#8230; Wir haben das erste Schnee ausgen\u00fctzt um Schneebilder zu Zeichen, mit F\u00fcsse, H\u00e4nde oder Holzst\u00f6cken geht das sehr gut.<\/p>","protected":false},"excerpt":{"rendered":"<p>Zeichnen im Schnee&#8230; Wir haben das erste Schnee ausgen\u00fctzt um Schneebilder zu Zeichen, mit F\u00fcsse, H\u00e4nde oder Holzst\u00f6cken geht das sehr gut.<\/p>","protected":false},"author":2,"featured_media":7756,"comment_status":"closed","ping_status":"closed","sticky":false,"template":"","format":"gallery","meta":{"footnotes":""},"categories":[1],"tags":[],"class_list":["post-7763","post","type-post","status-publish","format-gallery","has-post-thumbnail","hentry","category-allgemein-blog","post_format-post-format-gallery"],"_links":{"self":[{"href":"https:\/\/kitabluemli.ch\/en\/wp-json\/wp\/v2\/posts\/7763","targetHints":{"allow":["GET"]}}],"collection":[{"href":"https:\/\/kitabluemli.ch\/en\/wp-json\/wp\/v2\/posts"}],"about":[{"href":"https:\/\/kitabluemli.ch\/en\/wp-json\/wp\/v2\/types\/post"}],"author":[{"embeddable":true,"href":"https:\/\/kitabluemli.ch\/en\/wp-json\/wp\/v2\/users\/2"}],"replies":[{"embeddable":true,"href":"https:\/\/kitabluemli.ch\/en\/wp-json\/wp\/v2\/comments?post=7763"}],"version-history":[{"count":0,"href":"https:\/\/kitabluemli.ch\/en\/wp-json\/wp\/v2\/posts\/7763\/revisions"}],"wp:featuredmedia":[{"embeddable":true,"href":"https:\/\/kitabluemli.ch\/en\/wp-json\/wp\/v2\/media\/7756"}],"wp:attachment":[{"href":"https:\/\/kitabluemli.ch\/en\/wp-json\/wp\/v2\/media?parent=7763"}],"wp:term":[{"taxonomy":"category","embeddable":true,"href":"https:\/\/kitabluemli.ch\/en\/wp-json\/wp\/v2\/categories?post=7763"},{"taxonomy":"post_tag","embeddable":true,"href":"https:\/\/kitabluemli.ch\/en\/wp-json\/wp\/v2\/tags?post=7763"}],"curies":[{"name":"wp","href":"https:\/\/api.w.org\/{rel}","templated":true}]}}