{"id":7768,"date":"2019-01-06T15:00:18","date_gmt":"2019-01-06T14:00:18","guid":{"rendered":"https:\/\/eager-austin.188-34-163-140.plesk.page\/?p=7768"},"modified":"2019-01-06T15:00:18","modified_gmt":"2019-01-06T14:00:18","slug":"dreikoenigstag","status":"publish","type":"post","link":"https:\/\/kitabluemli.ch\/en\/dreikoenigstag\/","title":{"rendered":"Dreik\u00f6nigstag"},"content":{"rendered":"<p class=\"Tarthl\">Heute ist Gedenktag der drei K\u00f6nige Caspar, Melchior und Balthasar die aus dem Morgenland aufbrachen, dem neuen K\u00f6nig der Juden zu huldigen. Die K\u00f6nige \u00fcberreichten dem Kind als Geschenk Gold, Weihrauch und Myrrhe.<\/p>\n<p>Wir w\u00fcnschen allen einen sch\u00f6nen\u00a0Dreik\u00f6nigstag mit eure Lieben.<\/p>","protected":false},"excerpt":{"rendered":"<p>Heute ist Gedenktag der drei K\u00f6nige Caspar, Melchior und Balthasar die aus dem Morgenland aufbrachen, dem neuen K\u00f6nig der Juden zu huldigen. Die K\u00f6nige \u00fcberreichten dem Kind als Geschenk Gold, Weihrauch und Myrrhe. Wir w\u00fcnschen allen einen sch\u00f6nen\u00a0Dreik\u00f6nigstag mit eure Lieben.<\/p>","protected":false},"author":2,"featured_media":7769,"comment_status":"closed","ping_status":"closed","sticky":false,"template":"","format":"standard","meta":{"footnotes":""},"categories":[1,519,520],"tags":[],"class_list":["post-7768","post","type-post","status-publish","format-standard","has-post-thumbnail","hentry","category-allgemein-blog","category-kinderkrippe-blog","category-waldkinderkrippe-blog"],"_links":{"self":[{"href":"https:\/\/kitabluemli.ch\/en\/wp-json\/wp\/v2\/posts\/7768","targetHints":{"allow":["GET"]}}],"collection":[{"href":"https:\/\/kitabluemli.ch\/en\/wp-json\/wp\/v2\/posts"}],"about":[{"href":"https:\/\/kitabluemli.ch\/en\/wp-json\/wp\/v2\/types\/post"}],"author":[{"embeddable":true,"href":"https:\/\/kitabluemli.ch\/en\/wp-json\/wp\/v2\/users\/2"}],"replies":[{"embeddable":true,"href":"https:\/\/kitabluemli.ch\/en\/wp-json\/wp\/v2\/comments?post=7768"}],"version-history":[{"count":0,"href":"https:\/\/kitabluemli.ch\/en\/wp-json\/wp\/v2\/posts\/7768\/revisions"}],"wp:featuredmedia":[{"embeddable":true,"href":"https:\/\/kitabluemli.ch\/en\/wp-json\/wp\/v2\/media\/7769"}],"wp:attachment":[{"href":"https:\/\/kitabluemli.ch\/en\/wp-json\/wp\/v2\/media?parent=7768"}],"wp:term":[{"taxonomy":"category","embeddable":true,"href":"https:\/\/kitabluemli.ch\/en\/wp-json\/wp\/v2\/categories?post=7768"},{"taxonomy":"post_tag","embeddable":true,"href":"https:\/\/kitabluemli.ch\/en\/wp-json\/wp\/v2\/tags?post=7768"}],"curies":[{"name":"wp","href":"https:\/\/api.w.org\/{rel}","templated":true}]}}