{"id":7807,"date":"2019-01-15T20:00:28","date_gmt":"2019-01-15T19:00:28","guid":{"rendered":"https:\/\/eager-austin.188-34-163-140.plesk.page\/?p=7807"},"modified":"2019-01-15T20:00:28","modified_gmt":"2019-01-15T19:00:28","slug":"iglu-und-schneemann-bauen","status":"publish","type":"post","link":"https:\/\/kitabluemli.ch\/en\/iglu-und-schneemann-bauen\/","title":{"rendered":"Iglu und Schneemann bauen"},"content":{"rendered":"<div id='gallery-1' class='gallery galleryid-7807 gallery-columns-3 gallery-size-thumbnail'><figure class='gallery-item'>\n\t\t\t<div class='gallery-icon portrait'>\n\t\t\t\t<a href='https:\/\/kitabluemli.ch\/en\/iglu-und-schneemann-bauen-03\/'><img decoding=\"async\" width=\"150\" height=\"150\" src=\"https:\/\/kitabluemli.ch\/wp-content\/uploads\/2019\/01\/iglu-und-schneemann-bauen-03-150x150.jpg\" class=\"attachment-thumbnail size-thumbnail\" alt=\"Iglu und schneemann bauen\" title=\"\"><\/a>\n\t\t\t<\/div><\/figure>\n\t\t<\/div>\n\n<p>Gemeinsame bauen wir ein Iglu und ein Schneemann. Unsere Kinder wird spielend ein wertvolles Werkzeug der Sozialkompetenz mit in seinen Lebensrucksack mitgegeben. Ein wertsch\u00e4tzender Umgang innerhalb der Gruppe, sich Beziehungen aufzubauen und sich Konfliktf\u00e4higkeit anzueignen sind kostbare Instrumente, um das Kind auf seinem Weg zu st\u00e4rken.<\/p>","protected":false},"excerpt":{"rendered":"<p>Gemeinsame bauen wir ein Iglu und ein Schneemann. Unsere Kinder wird spielend ein wertvolles Werkzeug der Sozialkompetenz mit in seinen Lebensrucksack mitgegeben. Ein wertsch\u00e4tzender Umgang innerhalb der Gruppe, sich Beziehungen aufzubauen und sich Konfliktf\u00e4higkeit anzueignen sind kostbare Instrumente, um das Kind auf seinem Weg zu st\u00e4rken.<\/p>","protected":false},"author":2,"featured_media":7789,"comment_status":"closed","ping_status":"closed","sticky":false,"template":"","format":"gallery","meta":{"footnotes":""},"categories":[519,520],"tags":[],"class_list":["post-7807","post","type-post","status-publish","format-gallery","has-post-thumbnail","hentry","category-kinderkrippe-blog","category-waldkinderkrippe-blog","post_format-post-format-gallery"],"_links":{"self":[{"href":"https:\/\/kitabluemli.ch\/en\/wp-json\/wp\/v2\/posts\/7807","targetHints":{"allow":["GET"]}}],"collection":[{"href":"https:\/\/kitabluemli.ch\/en\/wp-json\/wp\/v2\/posts"}],"about":[{"href":"https:\/\/kitabluemli.ch\/en\/wp-json\/wp\/v2\/types\/post"}],"author":[{"embeddable":true,"href":"https:\/\/kitabluemli.ch\/en\/wp-json\/wp\/v2\/users\/2"}],"replies":[{"embeddable":true,"href":"https:\/\/kitabluemli.ch\/en\/wp-json\/wp\/v2\/comments?post=7807"}],"version-history":[{"count":0,"href":"https:\/\/kitabluemli.ch\/en\/wp-json\/wp\/v2\/posts\/7807\/revisions"}],"wp:featuredmedia":[{"embeddable":true,"href":"https:\/\/kitabluemli.ch\/en\/wp-json\/wp\/v2\/media\/7789"}],"wp:attachment":[{"href":"https:\/\/kitabluemli.ch\/en\/wp-json\/wp\/v2\/media?parent=7807"}],"wp:term":[{"taxonomy":"category","embeddable":true,"href":"https:\/\/kitabluemli.ch\/en\/wp-json\/wp\/v2\/categories?post=7807"},{"taxonomy":"post_tag","embeddable":true,"href":"https:\/\/kitabluemli.ch\/en\/wp-json\/wp\/v2\/tags?post=7807"}],"curies":[{"name":"wp","href":"https:\/\/api.w.org\/{rel}","templated":true}]}}