{"id":7972,"date":"2019-02-24T20:00:40","date_gmt":"2019-02-24T19:00:40","guid":{"rendered":"https:\/\/eager-austin.188-34-163-140.plesk.page\/?p=7972"},"modified":"2019-02-24T20:00:40","modified_gmt":"2019-02-24T19:00:40","slug":"basteln-mit-salzteig","status":"publish","type":"post","link":"https:\/\/kitabluemli.ch\/en\/basteln-mit-salzteig\/","title":{"rendered":"Basteln mit Salzteig"},"content":{"rendered":"<div id='gallery-1' class='gallery galleryid-7972 gallery-columns-3 gallery-size-thumbnail'><figure class='gallery-item'>\n\t\t\t<div class='gallery-icon portrait'>\n\t\t\t\t<a href='https:\/\/kitabluemli.ch\/en\/basteln-mit-salzteig-02\/'><img decoding=\"async\" width=\"150\" height=\"150\" src=\"https:\/\/kitabluemli.ch\/wp-content\/uploads\/2019\/02\/basteln-mit-salzteig-02-150x150.jpg\" class=\"attachment-thumbnail size-thumbnail\" alt=\"Basteln mit Salzteig\" title=\"\"><\/a>\n\t\t\t<\/div><\/figure>\n\t\t<\/div>\n\n<p>Wir Basteln oft mit Salzteig. Der Teig ist schnell hergestellt und danach d\u00fcrfen die Kinder kreativ sein. Aus dem Salzteig lassen sich alle m\u00f6glichen Formen und Figuren kneten, die Kinder k\u00f6nnen diese dann noch bunt bemalen.<\/p>","protected":false},"excerpt":{"rendered":"<p>Wir Basteln oft mit Salzteig. Der Teig ist schnell hergestellt und danach d\u00fcrfen die Kinder kreativ sein. Aus dem Salzteig lassen sich alle m\u00f6glichen Formen und Figuren kneten, die Kinder k\u00f6nnen diese dann noch bunt bemalen.<\/p>","protected":false},"author":2,"featured_media":7904,"comment_status":"closed","ping_status":"closed","sticky":false,"template":"","format":"gallery","meta":{"footnotes":""},"categories":[519],"tags":[],"class_list":["post-7972","post","type-post","status-publish","format-gallery","has-post-thumbnail","hentry","category-kinderkrippe-blog","post_format-post-format-gallery"],"_links":{"self":[{"href":"https:\/\/kitabluemli.ch\/en\/wp-json\/wp\/v2\/posts\/7972","targetHints":{"allow":["GET"]}}],"collection":[{"href":"https:\/\/kitabluemli.ch\/en\/wp-json\/wp\/v2\/posts"}],"about":[{"href":"https:\/\/kitabluemli.ch\/en\/wp-json\/wp\/v2\/types\/post"}],"author":[{"embeddable":true,"href":"https:\/\/kitabluemli.ch\/en\/wp-json\/wp\/v2\/users\/2"}],"replies":[{"embeddable":true,"href":"https:\/\/kitabluemli.ch\/en\/wp-json\/wp\/v2\/comments?post=7972"}],"version-history":[{"count":0,"href":"https:\/\/kitabluemli.ch\/en\/wp-json\/wp\/v2\/posts\/7972\/revisions"}],"wp:featuredmedia":[{"embeddable":true,"href":"https:\/\/kitabluemli.ch\/en\/wp-json\/wp\/v2\/media\/7904"}],"wp:attachment":[{"href":"https:\/\/kitabluemli.ch\/en\/wp-json\/wp\/v2\/media?parent=7972"}],"wp:term":[{"taxonomy":"category","embeddable":true,"href":"https:\/\/kitabluemli.ch\/en\/wp-json\/wp\/v2\/categories?post=7972"},{"taxonomy":"post_tag","embeddable":true,"href":"https:\/\/kitabluemli.ch\/en\/wp-json\/wp\/v2\/tags?post=7972"}],"curies":[{"name":"wp","href":"https:\/\/api.w.org\/{rel}","templated":true}]}}