{"id":8063,"date":"2019-03-14T07:00:11","date_gmt":"2019-03-14T06:00:11","guid":{"rendered":"https:\/\/eager-austin.188-34-163-140.plesk.page\/?p=8063"},"modified":"2019-03-14T07:00:11","modified_gmt":"2019-03-14T06:00:11","slug":"balancieren-auf-farbige-becher","status":"publish","type":"post","link":"https:\/\/kitabluemli.ch\/en\/balancieren-auf-farbige-becher\/","title":{"rendered":"Balancieren auf farbige Becher"},"content":{"rendered":"<div id='gallery-1' class='gallery galleryid-8063 gallery-columns-3 gallery-size-thumbnail'><figure class='gallery-item'>\n\t\t\t<div class='gallery-icon landscape'>\n\t\t\t\t<a href='https:\/\/kitabluemli.ch\/en\/balancieren-auf-farbige-becher-01\/'><img decoding=\"async\" width=\"150\" height=\"150\" src=\"https:\/\/kitabluemli.ch\/wp-content\/uploads\/2018\/06\/balancieren-auf-farbige-becher-01-150x150.jpg\" class=\"attachment-thumbnail size-thumbnail\" alt=\"Balancieren auf farbige Becher\" title=\"\"><\/a>\n\t\t\t<\/div><\/figure>\n\t\t<\/div>\n\n<p>Balancieren ist Gleichgewicht trainieren. Die Kinder \u00fcben und trainieren ihre individuelle Gleichgewichtsf\u00e4higkeit und helfen bzw. sichern sich gegenseitig. Sie k\u00f6nnen so gezielt die Koordination der Bewegungsabl\u00e4ufe, sowohl im grob- als auch im feinmotorischen Bereich trainieren. Nur eine sicher entwickelte, automatisierte Grobmotorik, f\u00fchrt zu einem guten Erwerb der Feinmotorik bei den Kindern.<\/p>","protected":false},"excerpt":{"rendered":"<p>Balancieren ist Gleichgewicht trainieren. Die Kinder \u00fcben und trainieren ihre individuelle Gleichgewichtsf\u00e4higkeit und helfen bzw. sichern sich gegenseitig. Sie k\u00f6nnen so gezielt die Koordination der Bewegungsabl\u00e4ufe, sowohl im grob- als auch im feinmotorischen Bereich trainieren. Nur eine sicher entwickelte, automatisierte Grobmotorik, f\u00fchrt zu einem guten Erwerb der Feinmotorik bei den Kindern.<\/p>","protected":false},"author":2,"featured_media":6363,"comment_status":"closed","ping_status":"closed","sticky":false,"template":"","format":"gallery","meta":{"footnotes":""},"categories":[519],"tags":[],"class_list":["post-8063","post","type-post","status-publish","format-gallery","has-post-thumbnail","hentry","category-kinderkrippe-blog","post_format-post-format-gallery"],"_links":{"self":[{"href":"https:\/\/kitabluemli.ch\/en\/wp-json\/wp\/v2\/posts\/8063","targetHints":{"allow":["GET"]}}],"collection":[{"href":"https:\/\/kitabluemli.ch\/en\/wp-json\/wp\/v2\/posts"}],"about":[{"href":"https:\/\/kitabluemli.ch\/en\/wp-json\/wp\/v2\/types\/post"}],"author":[{"embeddable":true,"href":"https:\/\/kitabluemli.ch\/en\/wp-json\/wp\/v2\/users\/2"}],"replies":[{"embeddable":true,"href":"https:\/\/kitabluemli.ch\/en\/wp-json\/wp\/v2\/comments?post=8063"}],"version-history":[{"count":0,"href":"https:\/\/kitabluemli.ch\/en\/wp-json\/wp\/v2\/posts\/8063\/revisions"}],"wp:featuredmedia":[{"embeddable":true,"href":"https:\/\/kitabluemli.ch\/en\/wp-json\/wp\/v2\/media\/6363"}],"wp:attachment":[{"href":"https:\/\/kitabluemli.ch\/en\/wp-json\/wp\/v2\/media?parent=8063"}],"wp:term":[{"taxonomy":"category","embeddable":true,"href":"https:\/\/kitabluemli.ch\/en\/wp-json\/wp\/v2\/categories?post=8063"},{"taxonomy":"post_tag","embeddable":true,"href":"https:\/\/kitabluemli.ch\/en\/wp-json\/wp\/v2\/tags?post=8063"}],"curies":[{"name":"wp","href":"https:\/\/api.w.org\/{rel}","templated":true}]}}