{"id":8175,"date":"2019-04-03T07:00:39","date_gmt":"2019-04-03T05:00:39","guid":{"rendered":"https:\/\/eager-austin.188-34-163-140.plesk.page\/?p=8175"},"modified":"2025-01-03T14:54:30","modified_gmt":"2025-01-03T13:54:30","slug":"bauernhof-ausflug-teil-3","status":"publish","type":"post","link":"https:\/\/kitabluemli.ch\/en\/bauernhof-ausflug-teil-3\/","title":{"rendered":"Bauernhof Ausflug &#8211; Teil 3"},"content":{"rendered":"<div id='gallery-1' class='gallery galleryid-8175 gallery-columns-3 gallery-size-thumbnail'><figure class='gallery-item'>\n\t\t\t<div class='gallery-icon landscape'>\n\t\t\t\t<a href='https:\/\/kitabluemli.ch\/en\/bauernhof-ausflug-12\/'><img decoding=\"async\" width=\"150\" height=\"150\" src=\"https:\/\/kitabluemli.ch\/wp-content\/uploads\/2019\/03\/bauernhof-ausflug-12-150x150.jpg\" class=\"attachment-thumbnail size-thumbnail\" alt=\"Bauernhof Ausflug\" title=\"\"><\/a>\n\t\t\t<\/div><\/figure>\n\t\t<\/div>\n\n<p>Teil 3 &#8211; Letzte Woche haben wir die Kinderkrippe Purzelhof besucht.\u00a0Das Purzelhof ist eine kleine, famili\u00e4re Krippe, die auf\u00a0 das Landleben, die Tiere und auf die Natur ausgerichtet ist. Sie geh\u00f6rt zum Bauernhof der Familie Bliggenstorfer in F\u00e4llanden.<\/p>\n<p>Es war unser grosses Anliegen, den Kindern das Leben auf dem Bauernhof und mit den Tieren n\u00e4herzubringen. Ihnen die M\u00f6glichkeit geben, den Kontakt und Umgang mit Tieren zu erlernen sowie den respektvollen Umgang mit und zur Natur vermitteln.<\/p>\n<p>Besten dank nochmals f\u00fcr den tollen Tag bei euch.<\/p>","protected":false},"excerpt":{"rendered":"<p>Teil 3 &#8211; Letzte Woche haben wir die Kinderkrippe Purzelhof besucht.\u00a0Das Purzelhof ist eine kleine, famili\u00e4re Krippe, die auf\u00a0 das Landleben, die Tiere und auf die Natur ausgerichtet ist. Sie geh\u00f6rt zum Bauernhof der Familie Bliggenstorfer in F\u00e4llanden. Es war unser grosses Anliegen, den Kindern das Leben auf dem Bauernhof und mit den Tieren n\u00e4herzubringen. [&hellip;]<\/p>\n","protected":false},"author":2,"featured_media":8160,"comment_status":"closed","ping_status":"closed","sticky":false,"template":"","format":"gallery","meta":{"footnotes":""},"categories":[519,520],"tags":[],"class_list":["post-8175","post","type-post","status-publish","format-gallery","has-post-thumbnail","hentry","category-kinderkrippe-blog","category-waldkinderkrippe-blog","post_format-post-format-gallery"],"_links":{"self":[{"href":"https:\/\/kitabluemli.ch\/en\/wp-json\/wp\/v2\/posts\/8175","targetHints":{"allow":["GET"]}}],"collection":[{"href":"https:\/\/kitabluemli.ch\/en\/wp-json\/wp\/v2\/posts"}],"about":[{"href":"https:\/\/kitabluemli.ch\/en\/wp-json\/wp\/v2\/types\/post"}],"author":[{"embeddable":true,"href":"https:\/\/kitabluemli.ch\/en\/wp-json\/wp\/v2\/users\/2"}],"replies":[{"embeddable":true,"href":"https:\/\/kitabluemli.ch\/en\/wp-json\/wp\/v2\/comments?post=8175"}],"version-history":[{"count":0,"href":"https:\/\/kitabluemli.ch\/en\/wp-json\/wp\/v2\/posts\/8175\/revisions"}],"wp:featuredmedia":[{"embeddable":true,"href":"https:\/\/kitabluemli.ch\/en\/wp-json\/wp\/v2\/media\/8160"}],"wp:attachment":[{"href":"https:\/\/kitabluemli.ch\/en\/wp-json\/wp\/v2\/media?parent=8175"}],"wp:term":[{"taxonomy":"category","embeddable":true,"href":"https:\/\/kitabluemli.ch\/en\/wp-json\/wp\/v2\/categories?post=8175"},{"taxonomy":"post_tag","embeddable":true,"href":"https:\/\/kitabluemli.ch\/en\/wp-json\/wp\/v2\/tags?post=8175"}],"curies":[{"name":"wp","href":"https:\/\/api.w.org\/{rel}","templated":true}]}}