{"id":8201,"date":"2019-04-08T07:00:52","date_gmt":"2019-04-08T05:00:52","guid":{"rendered":"https:\/\/eager-austin.188-34-163-140.plesk.page\/?p=8201"},"modified":"2019-04-08T07:00:52","modified_gmt":"2019-04-08T05:00:52","slug":"sechselaeuten-2019","status":"publish","type":"post","link":"https:\/\/kitabluemli.ch\/en\/sechselaeuten-2019\/","title":{"rendered":"Sechsel\u00e4uten 2019"},"content":{"rendered":"<p>Betreffend Z\u00fcrcher Sechsel\u00e4uten bleibt unsere Kinderkrippe und Waldkinderkrippe Heute Nachmittag ab 12 Uhr, 08. April 2019, geschlossen. Wir verabschieden den Winter und w\u00fcnschen alle einen guten Start in den Sommer, das KiTa Bl\u00fcemli Team.<\/p>\n<p>Viele weitere interessanten Infos findet ihr auf <a href=\"https:\/\/www.sechselaeuten.ch\/\" target=\"_blank\" rel=\"noopener\">https:\/\/www.sechselaeuten.ch\/<\/a><\/p>","protected":false},"excerpt":{"rendered":"<p>Betreffend Z\u00fcrcher Sechsel\u00e4uten bleibt unsere Kinderkrippe und Waldkinderkrippe Heute Nachmittag ab 12 Uhr, 08. April 2019, geschlossen. Wir verabschieden den Winter und w\u00fcnschen alle einen guten Start in den Sommer, das KiTa Bl\u00fcemli Team. Viele weitere interessanten Infos findet ihr auf https:\/\/www.sechselaeuten.ch\/<\/p>","protected":false},"author":2,"featured_media":8202,"comment_status":"closed","ping_status":"closed","sticky":false,"template":"","format":"standard","meta":{"footnotes":""},"categories":[1,519,520],"tags":[],"class_list":["post-8201","post","type-post","status-publish","format-standard","has-post-thumbnail","hentry","category-allgemein-blog","category-kinderkrippe-blog","category-waldkinderkrippe-blog"],"_links":{"self":[{"href":"https:\/\/kitabluemli.ch\/en\/wp-json\/wp\/v2\/posts\/8201","targetHints":{"allow":["GET"]}}],"collection":[{"href":"https:\/\/kitabluemli.ch\/en\/wp-json\/wp\/v2\/posts"}],"about":[{"href":"https:\/\/kitabluemli.ch\/en\/wp-json\/wp\/v2\/types\/post"}],"author":[{"embeddable":true,"href":"https:\/\/kitabluemli.ch\/en\/wp-json\/wp\/v2\/users\/2"}],"replies":[{"embeddable":true,"href":"https:\/\/kitabluemli.ch\/en\/wp-json\/wp\/v2\/comments?post=8201"}],"version-history":[{"count":0,"href":"https:\/\/kitabluemli.ch\/en\/wp-json\/wp\/v2\/posts\/8201\/revisions"}],"wp:featuredmedia":[{"embeddable":true,"href":"https:\/\/kitabluemli.ch\/en\/wp-json\/wp\/v2\/media\/8202"}],"wp:attachment":[{"href":"https:\/\/kitabluemli.ch\/en\/wp-json\/wp\/v2\/media?parent=8201"}],"wp:term":[{"taxonomy":"category","embeddable":true,"href":"https:\/\/kitabluemli.ch\/en\/wp-json\/wp\/v2\/categories?post=8201"},{"taxonomy":"post_tag","embeddable":true,"href":"https:\/\/kitabluemli.ch\/en\/wp-json\/wp\/v2\/tags?post=8201"}],"curies":[{"name":"wp","href":"https:\/\/api.w.org\/{rel}","templated":true}]}}