{"id":8243,"date":"2019-04-18T07:00:37","date_gmt":"2019-04-18T05:00:37","guid":{"rendered":"https:\/\/eager-austin.188-34-163-140.plesk.page\/?p=8243"},"modified":"2019-04-18T07:00:37","modified_gmt":"2019-04-18T05:00:37","slug":"vorlesen-frohe-ostern-pauli","status":"publish","type":"post","link":"https:\/\/kitabluemli.ch\/en\/vorlesen-frohe-ostern-pauli\/","title":{"rendered":"Vorlesen Frohe Ostern Pauli"},"content":{"rendered":"<div id='gallery-1' class='gallery galleryid-8243 gallery-columns-3 gallery-size-thumbnail'><figure class='gallery-item'>\n\t\t\t<div class='gallery-icon portrait'>\n\t\t\t\t<a href='https:\/\/kitabluemli.ch\/en\/vorlesen-22frohe-ostern-pauli22-02\/'><img decoding=\"async\" width=\"150\" height=\"150\" src=\"https:\/\/kitabluemli.ch\/wp-content\/uploads\/2019\/04\/vorlesen-22frohe-ostern-pauli22-02-150x150.jpg\" class=\"attachment-thumbnail size-thumbnail\" alt=\"Vorlesen Frohe Ostern Pauli\" title=\"\"><\/a>\n\t\t\t<\/div><\/figure>\n\t\t<\/div>\n\n<p>&#171;Frohe Ostern Pauli&#187; von <span class=\"m-hover-list__toggler\"><a href=\"https:\/\/www.brigitte-weninger.at\/\" target=\"_blank\" rel=\"noopener\">Brigitte Weninger<\/a> . Frau Weninger wurde 1960 in Kufstein\/\u00d6sterreich geboren und arbeitete 20 Jahre lang als Kindergarten-P\u00e4dagogin. 1995 erschienen ihre ersten Kinderb\u00fccher.<\/span><\/p>","protected":false},"excerpt":{"rendered":"<p>&#171;Frohe Ostern Pauli&#187; von Brigitte Weninger . Frau Weninger wurde 1960 in Kufstein\/\u00d6sterreich geboren und arbeitete 20 Jahre lang als Kindergarten-P\u00e4dagogin. 1995 erschienen ihre ersten Kinderb\u00fccher.<\/p>","protected":false},"author":2,"featured_media":8224,"comment_status":"closed","ping_status":"closed","sticky":false,"template":"","format":"gallery","meta":{"footnotes":""},"categories":[520],"tags":[],"class_list":["post-8243","post","type-post","status-publish","format-gallery","has-post-thumbnail","hentry","category-waldkinderkrippe-blog","post_format-post-format-gallery"],"_links":{"self":[{"href":"https:\/\/kitabluemli.ch\/en\/wp-json\/wp\/v2\/posts\/8243","targetHints":{"allow":["GET"]}}],"collection":[{"href":"https:\/\/kitabluemli.ch\/en\/wp-json\/wp\/v2\/posts"}],"about":[{"href":"https:\/\/kitabluemli.ch\/en\/wp-json\/wp\/v2\/types\/post"}],"author":[{"embeddable":true,"href":"https:\/\/kitabluemli.ch\/en\/wp-json\/wp\/v2\/users\/2"}],"replies":[{"embeddable":true,"href":"https:\/\/kitabluemli.ch\/en\/wp-json\/wp\/v2\/comments?post=8243"}],"version-history":[{"count":0,"href":"https:\/\/kitabluemli.ch\/en\/wp-json\/wp\/v2\/posts\/8243\/revisions"}],"wp:featuredmedia":[{"embeddable":true,"href":"https:\/\/kitabluemli.ch\/en\/wp-json\/wp\/v2\/media\/8224"}],"wp:attachment":[{"href":"https:\/\/kitabluemli.ch\/en\/wp-json\/wp\/v2\/media?parent=8243"}],"wp:term":[{"taxonomy":"category","embeddable":true,"href":"https:\/\/kitabluemli.ch\/en\/wp-json\/wp\/v2\/categories?post=8243"},{"taxonomy":"post_tag","embeddable":true,"href":"https:\/\/kitabluemli.ch\/en\/wp-json\/wp\/v2\/tags?post=8243"}],"curies":[{"name":"wp","href":"https:\/\/api.w.org\/{rel}","templated":true}]}}