{"id":8273,"date":"2019-05-01T07:00:13","date_gmt":"2019-05-01T05:00:13","guid":{"rendered":"https:\/\/eager-austin.188-34-163-140.plesk.page\/?p=8273"},"modified":"2019-05-01T07:00:13","modified_gmt":"2019-05-01T05:00:13","slug":"1-mai-2019","status":"publish","type":"post","link":"https:\/\/kitabluemli.ch\/en\/1-mai-2019\/","title":{"rendered":"1. Mai 2019"},"content":{"rendered":"<p>Betreffend 1. Mai \u2013 \u201eTag der Arbeit\u201c bleiben unsere Kinderkrippe und Waldkinderkrippe heute, Mittwoch 1. Mai 2019, den ganzen tag geschlossen. Ab morgen sind wir wie gewohnt wieder ge\u00f6ffnet.<\/p>\n<p>Wir w\u00fcnschen allen einen sch\u00f6nen 1. Mai,\u00a0das KiTa Bl\u00fcemli Team.<\/p>","protected":false},"excerpt":{"rendered":"<p>Betreffend 1. Mai \u2013 \u201eTag der Arbeit\u201c bleiben unsere Kinderkrippe und Waldkinderkrippe heute, Mittwoch 1. Mai 2019, den ganzen tag geschlossen. Ab morgen sind wir wie gewohnt wieder ge\u00f6ffnet. Wir w\u00fcnschen allen einen sch\u00f6nen 1. Mai,\u00a0das KiTa Bl\u00fcemli Team.<\/p>","protected":false},"author":2,"featured_media":5909,"comment_status":"closed","ping_status":"closed","sticky":false,"template":"","format":"standard","meta":{"footnotes":""},"categories":[1,519,520],"tags":[],"class_list":["post-8273","post","type-post","status-publish","format-standard","has-post-thumbnail","hentry","category-allgemein-blog","category-kinderkrippe-blog","category-waldkinderkrippe-blog"],"_links":{"self":[{"href":"https:\/\/kitabluemli.ch\/en\/wp-json\/wp\/v2\/posts\/8273","targetHints":{"allow":["GET"]}}],"collection":[{"href":"https:\/\/kitabluemli.ch\/en\/wp-json\/wp\/v2\/posts"}],"about":[{"href":"https:\/\/kitabluemli.ch\/en\/wp-json\/wp\/v2\/types\/post"}],"author":[{"embeddable":true,"href":"https:\/\/kitabluemli.ch\/en\/wp-json\/wp\/v2\/users\/2"}],"replies":[{"embeddable":true,"href":"https:\/\/kitabluemli.ch\/en\/wp-json\/wp\/v2\/comments?post=8273"}],"version-history":[{"count":0,"href":"https:\/\/kitabluemli.ch\/en\/wp-json\/wp\/v2\/posts\/8273\/revisions"}],"wp:featuredmedia":[{"embeddable":true,"href":"https:\/\/kitabluemli.ch\/en\/wp-json\/wp\/v2\/media\/5909"}],"wp:attachment":[{"href":"https:\/\/kitabluemli.ch\/en\/wp-json\/wp\/v2\/media?parent=8273"}],"wp:term":[{"taxonomy":"category","embeddable":true,"href":"https:\/\/kitabluemli.ch\/en\/wp-json\/wp\/v2\/categories?post=8273"},{"taxonomy":"post_tag","embeddable":true,"href":"https:\/\/kitabluemli.ch\/en\/wp-json\/wp\/v2\/tags?post=8273"}],"curies":[{"name":"wp","href":"https:\/\/api.w.org\/{rel}","templated":true}]}}