{"id":8314,"date":"2019-05-10T07:00:05","date_gmt":"2019-05-10T05:00:05","guid":{"rendered":"https:\/\/eager-austin.188-34-163-140.plesk.page\/?p=8314"},"modified":"2019-05-10T07:00:05","modified_gmt":"2019-05-10T05:00:05","slug":"balancieren-2","status":"publish","type":"post","link":"https:\/\/kitabluemli.ch\/en\/balancieren-2\/","title":{"rendered":"Balancieren"},"content":{"rendered":"<div id='gallery-1' class='gallery galleryid-8314 gallery-columns-3 gallery-size-thumbnail'><figure class='gallery-item'>\n\t\t\t<div class='gallery-icon portrait'>\n\t\t\t\t<a href='https:\/\/kitabluemli.ch\/en\/balancieren-02-2\/'><img decoding=\"async\" width=\"150\" height=\"150\" src=\"https:\/\/kitabluemli.ch\/wp-content\/uploads\/2019\/05\/balancieren-02-150x150.jpg\" class=\"attachment-thumbnail size-thumbnail\" alt=\"balanciere\" title=\"\"><\/a>\n\t\t\t<\/div><\/figure>\n\t\t<\/div>\n\n<p>Balancieren ist Gleichgewicht trainieren. Nur eine sicher entwickelte, automatisierte Grobmotorik, f\u00fchrt zu einem guten Erwerb der Feinmotorik bei den Kindern. Die Kinder \u00fcben und trainieren ihre individuelle Gleichgewichtsf\u00e4higkeit und helfen bzw. sichern sich gegenseitig. Sie k\u00f6nnen so gezielt die Koordination der Bewegungsabl\u00e4ufe, sowohl im grob- als auch im feinmotorischen Bereich trainieren.<\/p>","protected":false},"excerpt":{"rendered":"<p>Balancieren ist Gleichgewicht trainieren. Nur eine sicher entwickelte, automatisierte Grobmotorik, f\u00fchrt zu einem guten Erwerb der Feinmotorik bei den Kindern. Die Kinder \u00fcben und trainieren ihre individuelle Gleichgewichtsf\u00e4higkeit und helfen bzw. sichern sich gegenseitig. Sie k\u00f6nnen so gezielt die Koordination der Bewegungsabl\u00e4ufe, sowohl im grob- als auch im feinmotorischen Bereich trainieren.<\/p>","protected":false},"author":2,"featured_media":8298,"comment_status":"closed","ping_status":"closed","sticky":false,"template":"","format":"gallery","meta":{"footnotes":""},"categories":[519],"tags":[],"class_list":["post-8314","post","type-post","status-publish","format-gallery","has-post-thumbnail","hentry","category-kinderkrippe-blog","post_format-post-format-gallery"],"_links":{"self":[{"href":"https:\/\/kitabluemli.ch\/en\/wp-json\/wp\/v2\/posts\/8314","targetHints":{"allow":["GET"]}}],"collection":[{"href":"https:\/\/kitabluemli.ch\/en\/wp-json\/wp\/v2\/posts"}],"about":[{"href":"https:\/\/kitabluemli.ch\/en\/wp-json\/wp\/v2\/types\/post"}],"author":[{"embeddable":true,"href":"https:\/\/kitabluemli.ch\/en\/wp-json\/wp\/v2\/users\/2"}],"replies":[{"embeddable":true,"href":"https:\/\/kitabluemli.ch\/en\/wp-json\/wp\/v2\/comments?post=8314"}],"version-history":[{"count":0,"href":"https:\/\/kitabluemli.ch\/en\/wp-json\/wp\/v2\/posts\/8314\/revisions"}],"wp:featuredmedia":[{"embeddable":true,"href":"https:\/\/kitabluemli.ch\/en\/wp-json\/wp\/v2\/media\/8298"}],"wp:attachment":[{"href":"https:\/\/kitabluemli.ch\/en\/wp-json\/wp\/v2\/media?parent=8314"}],"wp:term":[{"taxonomy":"category","embeddable":true,"href":"https:\/\/kitabluemli.ch\/en\/wp-json\/wp\/v2\/categories?post=8314"},{"taxonomy":"post_tag","embeddable":true,"href":"https:\/\/kitabluemli.ch\/en\/wp-json\/wp\/v2\/tags?post=8314"}],"curies":[{"name":"wp","href":"https:\/\/api.w.org\/{rel}","templated":true}]}}