{"id":8323,"date":"2019-05-13T07:00:15","date_gmt":"2019-05-13T05:00:15","guid":{"rendered":"https:\/\/eager-austin.188-34-163-140.plesk.page\/?p=8323"},"modified":"2019-05-13T07:00:15","modified_gmt":"2019-05-13T05:00:15","slug":"essen-im-wald-2","status":"publish","type":"post","link":"https:\/\/kitabluemli.ch\/en\/essen-im-wald-2\/","title":{"rendered":"Essen im Wald"},"content":{"rendered":"<p>Unsere Waldkinder geniessen oft das Mittagessen oder den Z&#8217;vieri im Wald. Die Kinder bekommen t\u00e4glich frische Fr\u00fcchte und Gem\u00fcse und achten darauf das sie genug Wasser trinken. Wir geben soweit wie m\u00f6glich ausschliesslich BIO sowie abwechslungsreiche und saisongerechte Lebensmittel. Ausgewogenes und genussvolles Essen und Trinken ist Teil eines gesunden Lebensstils. Es versorgt den K\u00f6rper mit Energie, lebenswichtigen N\u00e4hr- sowie Schutzstoffen und f\u00f6rdert das k\u00f6rperliche Wohlbefinden.<\/p>","protected":false},"excerpt":{"rendered":"<p>Unsere Waldkinder geniessen oft das Mittagessen oder den Z&#8217;vieri im Wald. Die Kinder bekommen t\u00e4glich frische Fr\u00fcchte und Gem\u00fcse und achten darauf das sie genug Wasser trinken. Wir geben soweit wie m\u00f6glich ausschliesslich BIO sowie abwechslungsreiche und saisongerechte Lebensmittel. Ausgewogenes und genussvolles Essen und Trinken ist Teil eines gesunden Lebensstils. Es versorgt den K\u00f6rper mit [&hellip;]<\/p>\n","protected":false},"author":2,"featured_media":8317,"comment_status":"closed","ping_status":"closed","sticky":false,"template":"","format":"standard","meta":{"footnotes":""},"categories":[520],"tags":[],"class_list":["post-8323","post","type-post","status-publish","format-standard","has-post-thumbnail","hentry","category-waldkinderkrippe-blog"],"_links":{"self":[{"href":"https:\/\/kitabluemli.ch\/en\/wp-json\/wp\/v2\/posts\/8323","targetHints":{"allow":["GET"]}}],"collection":[{"href":"https:\/\/kitabluemli.ch\/en\/wp-json\/wp\/v2\/posts"}],"about":[{"href":"https:\/\/kitabluemli.ch\/en\/wp-json\/wp\/v2\/types\/post"}],"author":[{"embeddable":true,"href":"https:\/\/kitabluemli.ch\/en\/wp-json\/wp\/v2\/users\/2"}],"replies":[{"embeddable":true,"href":"https:\/\/kitabluemli.ch\/en\/wp-json\/wp\/v2\/comments?post=8323"}],"version-history":[{"count":0,"href":"https:\/\/kitabluemli.ch\/en\/wp-json\/wp\/v2\/posts\/8323\/revisions"}],"wp:featuredmedia":[{"embeddable":true,"href":"https:\/\/kitabluemli.ch\/en\/wp-json\/wp\/v2\/media\/8317"}],"wp:attachment":[{"href":"https:\/\/kitabluemli.ch\/en\/wp-json\/wp\/v2\/media?parent=8323"}],"wp:term":[{"taxonomy":"category","embeddable":true,"href":"https:\/\/kitabluemli.ch\/en\/wp-json\/wp\/v2\/categories?post=8323"},{"taxonomy":"post_tag","embeddable":true,"href":"https:\/\/kitabluemli.ch\/en\/wp-json\/wp\/v2\/tags?post=8323"}],"curies":[{"name":"wp","href":"https:\/\/api.w.org\/{rel}","templated":true}]}}