{"id":8381,"date":"2019-05-24T07:00:31","date_gmt":"2019-05-24T05:00:31","guid":{"rendered":"https:\/\/eager-austin.188-34-163-140.plesk.page\/?p=8381"},"modified":"2025-01-03T14:54:21","modified_gmt":"2025-01-03T13:54:21","slug":"alle-bereit-bewegung","status":"publish","type":"post","link":"https:\/\/kitabluemli.ch\/en\/alle-bereit-bewegung\/","title":{"rendered":"Alle bereit! Bewegung&#8230;"},"content":{"rendered":"<p>Alle bereit! Wir gehen Raus! Bewegung ist das A und O unseres Leben und umso wichtiger f\u00fcr unsere Kinder. Bewegung h\u00e4lt ihr Bewegungsapparat gesund, st\u00e4rkt die Muskulatur und f\u00f6rdert wichtige Aspekte wie Ausdauer sowie das Immunsystem der Kinder.<\/p>","protected":false},"excerpt":{"rendered":"<p>Alle bereit! Wir gehen Raus! Bewegung ist das A und O unseres Leben und umso wichtiger f\u00fcr unsere Kinder. Bewegung h\u00e4lt ihr Bewegungsapparat gesund, st\u00e4rkt die Muskulatur und f\u00f6rdert wichtige Aspekte wie Ausdauer sowie das Immunsystem der Kinder.<\/p>","protected":false},"author":2,"featured_media":8343,"comment_status":"closed","ping_status":"closed","sticky":false,"template":"","format":"standard","meta":{"footnotes":""},"categories":[519],"tags":[],"class_list":["post-8381","post","type-post","status-publish","format-standard","has-post-thumbnail","hentry","category-kinderkrippe-blog"],"_links":{"self":[{"href":"https:\/\/kitabluemli.ch\/en\/wp-json\/wp\/v2\/posts\/8381","targetHints":{"allow":["GET"]}}],"collection":[{"href":"https:\/\/kitabluemli.ch\/en\/wp-json\/wp\/v2\/posts"}],"about":[{"href":"https:\/\/kitabluemli.ch\/en\/wp-json\/wp\/v2\/types\/post"}],"author":[{"embeddable":true,"href":"https:\/\/kitabluemli.ch\/en\/wp-json\/wp\/v2\/users\/2"}],"replies":[{"embeddable":true,"href":"https:\/\/kitabluemli.ch\/en\/wp-json\/wp\/v2\/comments?post=8381"}],"version-history":[{"count":0,"href":"https:\/\/kitabluemli.ch\/en\/wp-json\/wp\/v2\/posts\/8381\/revisions"}],"wp:featuredmedia":[{"embeddable":true,"href":"https:\/\/kitabluemli.ch\/en\/wp-json\/wp\/v2\/media\/8343"}],"wp:attachment":[{"href":"https:\/\/kitabluemli.ch\/en\/wp-json\/wp\/v2\/media?parent=8381"}],"wp:term":[{"taxonomy":"category","embeddable":true,"href":"https:\/\/kitabluemli.ch\/en\/wp-json\/wp\/v2\/categories?post=8381"},{"taxonomy":"post_tag","embeddable":true,"href":"https:\/\/kitabluemli.ch\/en\/wp-json\/wp\/v2\/tags?post=8381"}],"curies":[{"name":"wp","href":"https:\/\/api.w.org\/{rel}","templated":true}]}}